{"id":2197,"date":"2018-09-14T11:13:35","date_gmt":"2018-09-14T11:13:35","guid":{"rendered":"https:\/\/cjimoz.org\/news\/?p=2197"},"modified":"2018-09-14T11:48:38","modified_gmt":"2018-09-14T11:48:38","slug":"edis-corruptos-descartados-pela-frelimo-1","status":"publish","type":"post","link":"https:\/\/cjimoz.org.mz\/news\/en\/edis-corruptos-descartados-pela-frelimo-1\/","title":{"rendered":"Edis \u201cCorruptos\u201d descartados pela Frelimo (1)"},"content":{"rendered":"<p>Por Lu\u00eds Nhachote e Est\u00e1cios Valoi<\/p>\n<p>&nbsp;<\/p>\n<p><strong>Os crit\u00e9rios da selec\u00e7\u00e3o dos cabe\u00e7as-de-lista na Frelimo, dever\u00e3o, certamente, merecer melhor aten\u00e7\u00e3o de estudiosos, para que expliquem com ci\u00eancia exacta, como este partido \u00e9 resoluto nas apostas de figuras sapilcadas no lamacento terreno da corrup\u00e7\u00e3o, por um lado e, por outro, por descartar de outras em situa\u00e7\u00f5es similares.<\/strong><\/p>\n<p><strong>Em caso de vit\u00f3ria, nos munic\u00edpios de Tete, Moatize, Inhambane e Nacala-Porto, os aut\u00e1rcas propostos pela Frelimo para dirigirem os destinos daquelas aut\u00e1rquias no pr\u00f3ximo quinqu\u00e9nio n\u00e3o ser\u00e3o de todo desconhecidos dos seus habitantes, uma vez que todos j\u00e1 ocuparam e ocupam as respectivas presidencias. <\/strong><\/p>\n<p>&nbsp;<\/p>\n<p>O quarteto composto por C\u00e9sar de Carvalho (que pode regressar depois de ter cumprindo o mandato entre 2008-2013), Carlos Portim\u00e3o, Benedito Guimino e Rui Chang Saw encabe\u00e7a as listas da Frelimo nos suprancionados munic\u00edpios, apesar do passado colectivo enfermar de manchas indelev\u00e9is da corrup\u00e7\u00e3o, s\u00e3o as apostas do partido que continua a dirigir o destino colectivo dos mo\u00e7ambicanos.<\/p>\n<p>O Centro de Jornalismo Investigativo(CJI) traz, hoje, os exemplos de outros aut\u00e1rcas \u201cprevaricadores\u201d que n\u00e3o foram bafejados com a mesma sorte de uns e de outros\u2026<\/p>\n<p><strong><u>O \u201ccorrupto\u201d de Lichinga<\/u><\/strong><\/p>\n<p>No dia 5 de Maio de 2016, uma manh\u00e3 fria, t\u00edpica da temperatura que regularmente que caracteriza o munic\u00edpio de Lichinga, capital da prov\u00edncia do Niassa, Sa\u00edde Amido, o aut\u00e1rca era detido por uma unidade da Pol\u00edcia da Rep\u00fablica de Mo\u00e7ambique (PRM), em cumprimento de um mandato da Procuradoria-Geral da Rep\u00fablica.<\/p>\n<p>Ind\u00edcios de corrup\u00e7\u00e3o activa, abuso de poder e burlas foram os crimes que estiveram na origem da deten\u00e7\u00e3o, por 30 dias, do aut\u00e1rca em exerc\u00edcio para averigua\u00e7\u00f5es.<\/p>\n<p>Se em Moatize, Carlos Portim\u00e3o, o patenteado sargento da Pol\u00edcia de Tr\u00e2nsito fora detido em flagrante delito a tentar subornar a representante do Minist\u00e9rio P\u00fablico (MP) e, teve a sorte de ser sumariamente julgado, j\u00e1 em Lichinga, o aut\u00e1rca que veste a mesma cor partid\u00e1ria e comunga os mesmos ideais com aquele, n\u00e3o teve a mesma sorte: foi direitinho aos calabou\u00e7os e, durante 30 dias viu o sol aos quadradinhos at\u00e9 ser julgado e exemplarmente condenado.<\/p>\n<p>Com Sa\u00edde Amido foram detidos Jonas Pedro e Ad\u00e9rito Andr\u00e9, ambos funcion\u00e1rios da edilidade, sendo que o \u00faltimo exercia as fun\u00e7\u00f5es de chefe de Gabinete. Falando \u00e0 imprensa, Aristides Maezana, porta-voz da PGR em Niassa, disse na ocasi\u00e3o que<\/p>\n<p>\u201cO presidente do munic\u00edpio veio indiciado juntamente com outros dois arguidos na pr\u00e1tica de dois crimes e de abuso de poder &#8230;os outros dois arguidos s\u00e3o indiciados por crime de burla e fraudes&#8221;.<\/p>\n<p>O CJI observou as pe\u00e7as processuais e aferiu que cobra\u00e7as il\u00edcitas de 150 mil meticais por parte do trio, para tramita\u00e7\u00e3o de expedientes de interesses de espa\u00e7os comercias, foram a raz\u00e3o principal daqueles serem recolhidos aos calabou\u00e7os.<\/p>\n<p>Presentes ao tribunal, a ju\u00edza de instru\u00e7\u00e3o criminal, S\u00f3nia Piquitai legalizou a pris\u00e3o do trio, mas um m\u00eas depois, num caso que levantou uma onda de espanto e gargalhas em Lichinga, Sa\u00edde voltou para o seu cargo cujo mandato termina depois da elei\u00e7\u00e3o de 10 de Outubro pr\u00f3ximo.<\/p>\n<p>O Tribunal que o julgou, condenou-o a pena de 18 meses de pris\u00e3o, mas que foram convertidos numa multa de 200 mil meticais, que revertaram nas contas do mesmo Estado que Sa\u00edde Amido serve e delapidava&#8230;.<\/p>\n<p>Na leitura da senten\u00e7a, Mahomed Varinda, o juiz da causa, disse que o tribunal considerou provados os crimes imputados ao aut\u00e1rca. \u201cO colectivo de ju\u00edzes da primeira sec\u00e7\u00e3o criminal do tribunal judicial da cidade de Lichinga, decide por unanimidade em nome da Rep\u00fablica de Mo\u00e7ambique julgar a acusa\u00e7\u00e3o parcialmente procedente e por via disso condenar o r\u00e9u Sa\u00edde Amido&#8221;.<\/p>\n<p>Os co-r\u00e9us do aut\u00e1rca, nomeadamente, Jonas Pedro, antigo funcion\u00e1rio do Conselho Municipal e Ad\u00e9rito Andr\u00e9, chefe do Gabinete do Edil tamb\u00e9m foram condenados a penas de 9 e 3 meses de pris\u00e3o, penas que igualmente foram convertidas em multas.<\/p>\n<p>Por ironia do destino, Sa\u00edde Amido, n\u00e3o poder\u00e1 ver o seu mandato renovado, uma vez que n\u00e3o constou das escolhas para ser cabe\u00e7a-de-lista do munic\u00edpio que dirige e queima os seus \u00faltimos cartuchos, tal como outros seus camaradas com conduta igual, ou pior que a sua e, foram bafejados pela sorte de poder ser reeleito.<\/p>\n<p><u>O \u201ccorrupto\u201d da Maxixe<\/u><\/p>\n<p>O actual aut\u00e1rca do Conselho Municipal da Maxixe &#8211; do outro lado da ba\u00eda onde o seu camarada Benedito Guimino sentou no banco dos r\u00e9us num processo de abuso de cargo com requintes de corrup\u00e7\u00e3o no que tange \u00e0 adjudica\u00e7\u00e3o de obras \u2013, Sim\u00e3o Rafael enfrentou nesta legislatura dois processos criminais paralelos, sendo um por falta de transpar\u00eancia nos concursos de adjudica\u00e7\u00e3o de obras das estradas do munic\u00edpio e, outro por agress\u00e3o f\u00edsica ao comandante local da PRM, Manuel do Nascimento, por este ter mantido detido nas celas da 1\u00aa esquadra local um seu vereador.<\/p>\n<p>O Gabinete Central de Combate \u00e0 Corrup\u00e7\u00e3o (GCCC), depois das den\u00fancias de empreiteiros da Maxixe decidiu investigar o assunto no munic\u00edpio da Maxixe. No outro crime, Sim\u00e3o Rafael respondeu pela agress\u00e3o do comandante da PRM na cidade, v\u00edtima de agress\u00e3o f\u00edsica no seu gabinete de trabalho pelo aut\u00e1rca enfurrecido pela deten\u00e7\u00e3o de Jacinto Cha\u00faque seu vereador para a \u00c1rea de Urbaniza\u00e7\u00e3o.<\/p>\n<p>O vereador Jacinto Cha\u00faque foi detido por ordens da PRM local, depois desta entidade ter sido informada que estava em curso uma opera\u00e7\u00e3o homicida que visiva p\u00f4r termo os dias de H\u00e9lder Jossias na face terrestre. Jossias \u00e9 o primeiro-secret\u00e1rio da Frelimo na cidade sendo por isso a principal figura da estrutura do partido ao n\u00edvel da edilidade e, que segundo fontes bem identificadas pelo CJI, era empecilho as negociatas que estavam a decorrer na edilidade pela dupla Sim\u00e3o Rafael e Jacinto Cha\u00faque.<\/p>\n<p>Sim\u00e3o Rafael ao tomar a iniciativa da exibi\u00e7\u00e3o dos ent\u00e3o desconhecidos dons no pugilato, em defesa do vereador Jacinto Cha\u00faque, e ir \u00e0 esquadra e encostar o comandante local a parede, emitiu um sinal de grande amizade com este, numa altura em que os elementares valores de transpar\u00eancia nos concursos de adjudica\u00e7\u00e3o de obras para a reabilita\u00e7\u00e3o das estradas no munic\u00edpio, estavam sendo pontapeados.<\/p>\n<p>Ali\u00e1s, o vereador de Sim\u00e3o acabou por ser gravado numa conversa telef\u00f3nica por um empreiteiro que se sentiu lesado num dos concursos para a reabilita\u00e7\u00e3o das estradas municipais. A grava\u00e7\u00e3o, na posse do CJI tornou-se viral no munic\u00edpio para espanto dos mun\u00edcipes. Semanas depois da investiga\u00e7\u00e3o que ainda decorre, Alda Manjate, directora do GCCC na prov\u00edncia de Inhambane, confirmou \u00e0 comunica\u00e7\u00e3o social que a sua institui\u00e7\u00e3o est\u00e1 a investigar uma alegada corrup\u00e7\u00e3o no Conselho Municipal da Maxixe. \u201cSim, estamos a investigar o Conselho Municipal da Maxixe. Ainda \u00e9 prematuro para avan\u00e7ar algo a respeito disso, mas o que \u00e9 verdade \u00e9 que existe j\u00e1 um processo contra o Munic\u00edpio da Maxixe\u201d, disse Alda Manjate.<\/p>\n<p>Sim\u00e3o, com a honra completamente sapilcada, foi admoestado com uma ordem de sil\u00eancio, por parte de Filipe Nyusi durante uma reuni\u00e3o com v\u00e1rios \u00f3rg\u00e3os do governo provincial onde aquele estava presente.<\/p>\n<p>\u201c\u00c9 o senhor que saiu na televis\u00e3o? Acho que o senhor deve manter-se calado. N\u00e3o fale\u201d \u2013 ter\u00e1 assim dito, Filipe Nyusi, quando Sim\u00e3o Rafael tentou tomar da palavra para exercer o seu direito a defesa sobre as graves acusa\u00e7\u00f5es contra si e seu vereador. Importa frisar, que o Presidente da Rep\u00fablica [ e da FRELIMO] Filipe Nyusi, disse no dia do lan\u00e7amento do plano estrat\u00e9gico de combate a corrup\u00e7\u00e3o &#8211; que pode ser lido na integra <a href=\"http:\/\/www.presidencia.gov.mz\/por\/Media\/Files\/Discurso-PR-Lancamento-do-PE-GCCC\" target=\"_blank\" rel=\"noopener\">aqui<\/a> &#8211; 2018\/2022 que \u201cVezes h\u00e1 que as pessoas se tornam corruptas por serem pobres e s\u00e3o pobres por causa da corrup\u00e7\u00e3o\u201d.<\/p>\n<p>Resta saber se o edil de Lichinga e da Maxixe se encaixam nessa vis\u00e3o presidencial.<\/p>\n<p>&nbsp;<\/p>\n<p>&nbsp;<\/p>","protected":false},"excerpt":{"rendered":"<p>Por Lu\u00eds Nhachote e Est\u00e1cios Valoi &nbsp; Os crit\u00e9rios da selec\u00e7\u00e3o dos cabe\u00e7as-de-lista na Frelimo, dever\u00e3o, certamente, merecer melhor aten\u00e7\u00e3o de estudiosos, para que expliquem com ci\u00eancia exacta, como este partido \u00e9 resoluto nas apostas de figuras sapilcadas no lamacento terreno da corrup\u00e7\u00e3o, por um lado e, por outro, por descartar de outras em situa\u00e7\u00f5es [&hellip;]<\/p>","protected":false},"author":4,"featured_media":2199,"comment_status":"open","ping_status":"open","sticky":false,"template":"","format":"standard","meta":{"footnotes":""},"categories":[271],"tags":[266],"rttpg_featured_image_url":{"full":["https:\/\/cjimoz.org.mz\/news\/wp-content\/uploads\/2018\/09\/nyusi.jpg",1200,800,false],"landscape":["https:\/\/cjimoz.org.mz\/news\/wp-content\/uploads\/2018\/09\/nyusi.jpg",1200,800,false],"portraits":["https:\/\/cjimoz.org.mz\/news\/wp-content\/uploads\/2018\/09\/nyusi.jpg",1200,800,false],"thumbnail":["https:\/\/cjimoz.org.mz\/news\/wp-content\/uploads\/2018\/09\/nyusi-250x167.jpg",150,100,true],"medium":["https:\/\/cjimoz.org.mz\/news\/wp-content\/uploads\/2018\/09\/nyusi-400x267.jpg",300,200,true],"large":["https:\/\/cjimoz.org.mz\/news\/wp-content\/uploads\/2018\/09\/nyusi-650x433.jpg",650,433,true],"1536x1536":["https:\/\/cjimoz.org.mz\/news\/wp-content\/uploads\/2018\/09\/nyusi.jpg",1200,800,false],"2048x2048":["https:\/\/cjimoz.org.mz\/news\/wp-content\/uploads\/2018\/09\/nyusi.jpg",1200,800,false],"trp-custom-language-flag":["https:\/\/cjimoz.org.mz\/news\/wp-content\/uploads\/2018\/09\/nyusi.jpg",18,12,false],"post-thumbnail":["https:\/\/cjimoz.org.mz\/news\/wp-content\/uploads\/2018\/09\/nyusi-150x100.jpg",150,100,true],"retina2x":["https:\/\/cjimoz.org.mz\/news\/wp-content\/uploads\/2018\/09\/nyusi-800x533.jpg",800,533,true],"retina3x":["https:\/\/cjimoz.org.mz\/news\/wp-content\/uploads\/2018\/09\/nyusi-1200x800.jpg",1200,800,true],"retina4x":["https:\/\/cjimoz.org.mz\/news\/wp-content\/uploads\/2018\/09\/nyusi.jpg",1200,800,false],"retina5x":["https:\/\/cjimoz.org.mz\/news\/wp-content\/uploads\/2018\/09\/nyusi.jpg",1200,800,false],"retina6x":["https:\/\/cjimoz.org.mz\/news\/wp-content\/uploads\/2018\/09\/nyusi.jpg",1200,800,false]},"rttpg_author":{"display_name":"","author_link":"https:\/\/cjimoz.org.mz\/news\/en\/author\/"},"rttpg_comment":0,"rttpg_category":"<a href=\"https:\/\/cjimoz.org.mz\/news\/en\/category\/corrupcao\/\" rel=\"category tag\">Corrup\u00e7\u00e3o<\/a>","rttpg_excerpt":"Por Lu\u00eds Nhachote e Est\u00e1cios Valoi &nbsp; Os crit\u00e9rios da selec\u00e7\u00e3o dos cabe\u00e7as-de-lista na Frelimo, dever\u00e3o, certamente, merecer melhor aten\u00e7\u00e3o de estudiosos, para que expliquem com ci\u00eancia exacta, como este partido \u00e9 resoluto nas apostas de figuras sapilcadas no lamacento terreno da corrup\u00e7\u00e3o, por um lado e, por outro, por descartar de outras em situa\u00e7\u00f5es&hellip;","_links":{"self":[{"href":"https:\/\/cjimoz.org.mz\/news\/en\/wp-json\/wp\/v2\/posts\/2197"}],"collection":[{"href":"https:\/\/cjimoz.org.mz\/news\/en\/wp-json\/wp\/v2\/posts"}],"about":[{"href":"https:\/\/cjimoz.org.mz\/news\/en\/wp-json\/wp\/v2\/types\/post"}],"author":[{"embeddable":true,"href":"https:\/\/cjimoz.org.mz\/news\/en\/wp-json\/wp\/v2\/users\/4"}],"replies":[{"embeddable":true,"href":"https:\/\/cjimoz.org.mz\/news\/en\/wp-json\/wp\/v2\/comments?post=2197"}],"version-history":[{"count":1,"href":"https:\/\/cjimoz.org.mz\/news\/en\/wp-json\/wp\/v2\/posts\/2197\/revisions"}],"predecessor-version":[{"id":2200,"href":"https:\/\/cjimoz.org.mz\/news\/en\/wp-json\/wp\/v2\/posts\/2197\/revisions\/2200"}],"wp:featuredmedia":[{"embeddable":true,"href":"https:\/\/cjimoz.org.mz\/news\/en\/wp-json\/wp\/v2\/media\/2199"}],"wp:attachment":[{"href":"https:\/\/cjimoz.org.mz\/news\/en\/wp-json\/wp\/v2\/media?parent=2197"}],"wp:term":[{"taxonomy":"category","embeddable":true,"href":"https:\/\/cjimoz.org.mz\/news\/en\/wp-json\/wp\/v2\/categories?post=2197"},{"taxonomy":"post_tag","embeddable":true,"href":"https:\/\/cjimoz.org.mz\/news\/en\/wp-json\/wp\/v2\/tags?post=2197"}],"curies":[{"name":"wp","href":"https:\/\/api.w.org\/{rel}","templated":true}]}}