{"id":2375,"date":"2020-05-07T11:00:58","date_gmt":"2020-05-07T09:00:58","guid":{"rendered":"https:\/\/cjimoz.org\/news\/?p=2375"},"modified":"2020-08-30T12:03:57","modified_gmt":"2020-08-30T10:03:57","slug":"a-criminalizacao-da-academia-analista-politico-defendeu-licenciatura-e-mestrado-no-intervalo-de-tres-meses-em-2019","status":"publish","type":"post","link":"https:\/\/cjimoz.org.mz\/news\/en\/a-criminalizacao-da-academia-analista-politico-defendeu-licenciatura-e-mestrado-no-intervalo-de-tres-meses-em-2019\/","title":{"rendered":"A Criminaliza\u00e7\u00e3o da Academia: \u201cAnalista politico\u201d defendeu Licenciatura e Mestrado no intervalo de tr\u00eas meses&#8230;.em 2019"},"content":{"rendered":"<p><img fetchpriority=\"high\" decoding=\"async\" class=\"alignnone size-full wp-image-2372\" src=\"https:\/\/cjimoz.org\/news\/wp-content\/uploads\/2020\/04\/Cuci.jpg\" alt=\"\" width=\"374\" height=\"443\" \/><\/p>\n<p>&nbsp;<\/p>\n<p><strong>Com contornos tr\u00e1gico-comicos, o \u201canalista politico\u201d e docente universit\u00e1rio, Elidio Cuco (<a href=\"https:\/\/cjimoz.org\/news\/a-criminalizacao-da-academia-a-historia-de-um-mestrado-com-licenciatura-oculta\/\" target=\"_blank\" rel=\"noopener\">ver aqui) <\/a>terminou a sua Licenciatura em Setembro de 2019 e o Mestrado em Dezembro do mesmo ano. Um caso suis generis e ins\u00f3lito que est\u00e1 a deixar espantados e de cabelos iri\u00e7ados sectores da academia mo\u00e7ambicana, e n\u00e3o s\u00f3. O Minist\u00e9rio do Ensino Superior, Ci\u00eancia e Tecnologia dever\u00e1 ser a entidade que poder\u00e1 dissipar esta nuvem cizenta. No meio de m<em>uita poeira<\/em> o ISCTAC enviou ao Centro de Jornalismo Investigativo (CJI) uma carta de direito de resposta que mencionamos neste trabalho. Apresentamos igualmente o certificado de licenciatura do docente em causa.<\/strong><\/p>\n<p><img decoding=\"async\" class=\"alignnone size-medium wp-image-2376\" src=\"https:\/\/cjimoz.org\/news\/wp-content\/uploads\/2020\/05\/Screenshot_20200507_103635-400x453.jpg\" alt=\"\" width=\"265\" height=\"300\" \/><\/p>\n<p>&nbsp;<\/p>\n<p><strong>O Centro de Jornalismo Investigativo (CJI) efectuou uma s\u00e9rie de dilig\u00eancias alicer\u00e7adas na lei acesso a informa\u00e7\u00e3o que nos conduziram a aceder ao certificado de habilita\u00e7\u00f5es liter\u00e1rias e a declara\u00e7\u00e3o de cadeiras feitas do analista pol\u00edtico El\u00eddio Cuco, os quais nos permitem concluir que o distinto \u201cmestre\u201d com \u201clicenciatura oculta\u201d afinal somente terminou o curso de licenciatura em Rela\u00e7\u00f5es Internacionais e Diplomacia no extinto Instituto Superior de Rela\u00e7\u00f5es Internacionais e Diplomacia (ISRI) em 2019, tendo supostamente defendido a sua tese de licenciatura no dia 18 de Setembro do mesmo ano.<\/strong><\/p>\n<p>Tanto o certificado de habilita\u00e7\u00f5es liter\u00e1rias quanto a declara\u00e7\u00e3o de cadeiras feitas, cujas c\u00f3pias tivemos acesso, foram emitidos pelo extinto ISRI no dia 24 de Janeiro de 2020, documentos devidamente assinados pelo respectivo Director Acad\u00e9mico daquela institui\u00e7\u00e3o de ensino superior, Paulo Wache. Quando o CJI, em Dezembro expediu missivas solicitando a devida informa\u00e7\u00e3o ao imbr\u00f3glio que estava sendo vivido no ISCTAC, esta institui\u00e7\u00e3o seguiu as mesmas demarches.<\/p>\n<p>Com efeito, como explicar que El\u00eddio Cuco exer\u00e7a as fun\u00e7\u00f5es de docente universit\u00e1rio do Instituto Superior de Ci\u00eancias e Tecnologias Alberto Chipande (ISCTAC) h\u00e1 sensivelmente cinco anos, tendo em conta que somente obteve o grau de licenciatura em Setembro de 2019 e o seu patronato s\u00f3 em Janeiro deste ano se preocupou com as suas notas e certificados?<\/p>\n<p>Em termos de habilita\u00e7\u00f5es liter\u00e1rias, tal significa que o ora \u201cmestre\u201d El\u00eddio Cuco esteve a formar \u201clicenciados\u201d durante os \u00faltimos cinco anos tendo apenas a 12\u00aa classe. Por outro lado, como explicar que o mesmo tenha obtido o grau de \u201cmestre\u201d no ISCTAC em 2019 se foi nesse mesmo ano que concluiu a licenciatura no ISRI?<\/p>\n<p>S\u00e3o perguntas cujas respostas ainda permanecem no segredo dos deuses, mas que levam a concluir que, enquanto docente do ISCTAC durante os \u00faltimos cinco anos, El\u00eddio Cuco ter\u00e1 \u201cformado\u201d dezenas de licenciados sem que ele mesmo tivesse o grau de licenciatura bem como ter\u00e1 supervisionado as teses de licenciatura de muitos estudantes naquela institui\u00e7\u00e3o de ensino superior sem ter conclu\u00eddo a sua licenciatura e sem sequer ter ele mesmo defendido a sua tese, uma verdadeira miss\u00e3o imposs\u00edvel jamais vista na hist\u00f3ria cinematogr\u00e1fica mas que somente ter\u00e1 se tornado poss\u00edvel gra\u00e7as ao sistema de burlas, falsifica\u00e7\u00e3o de documentos, falsidade ideol\u00f3gica, corrup\u00e7\u00e3o, clientelismo, nepotismo e abuso de poder na obten\u00e7\u00e3o de t\u00edtulos acad\u00e9micos que h\u00e1 muito se instalou no nosso sistema de ensino superior.<\/p>\n<p>\u00c9 impressionante a forma como o ISCTAC tem se desdobrado em esfor\u00e7os descomunais para impedir o esclarecimento deste assunto, ora violando os prazos de presta\u00e7\u00e3o de informa\u00e7\u00e3o previstos na lei do direito \u00e0 informa\u00e7\u00e3o, ora alegando o encerramento das institui\u00e7\u00f5es devido a pandemia do COVID 19, bem como, por incr\u00edvel que pare\u00e7a, fazendo desaparecer o certificado numa pretensa tentativa de exercer o direito de resposta \u00e0 nossa anterior pe\u00e7a de reportagem.<\/p>\n<p>O ISCTAC somente enviou ao ISRI um pedido de verifica\u00e7\u00e3o da autenticidade do certificado de habilita\u00e7\u00f5es liter\u00e1rias de El\u00eddio Cuco no dia 07 de Fevereiro de 2020, sendo estranhamente o mesmo certificado que foi emitido pelo ISRI no dia 24 de Janeiro de 2020, ou seja, depois do Centro de Jornalismo Investigativo haver questionado os factos num of\u00edcio enviado ao ISRI no dia 17 de Janeiro de 2020. \u00c9 no m\u00ednimo estranho, sen\u00e3o mesmo rid\u00edculo. Mas vamos por partes.<\/p>\n<p>Ser\u00e1 que esse certificado e declara\u00e7\u00e3o de cadeiras feitas, ambos emitidos a 24 de Janeiro de 2020, s\u00e3o os mesmos documentos com os quais o visado iniciou a sua carreira docente no ISCTAC em 2015 e ingressou no mestrado naquela mesma institui\u00e7\u00e3o de ensino superior em 2018? Essa \u00e9 uma situa\u00e7\u00e3o que ser\u00e1 somente poss\u00edvel se estivermos diante de um indiv\u00edduo cuja progress\u00e3o acad\u00e9mica estar\u00e1 a ocorrer de frente para tr\u00e1s e n\u00e3o de tr\u00e1s para frente, ou seja, come\u00e7a por fazer mestrado, depois faz a licenciatura para depois fazer a 12\u00aa classe, a 10\u00aa e assim sucessivamente at\u00e9 a primeira classe.<\/p>\n<p>Se n\u00e3o forem os documentos de 2020, onde est\u00e3o os documentos que permitiram a sua admiss\u00e3o em 2015? O Centro de Jornalismo Investigativo (CJI) continua a fazer dilig\u00eancias com vista a achar o paradeiro desses documentos ocultos, pese embora acreditemos que os mesmos possam agora ser feitos desaparecer, por causa da vergonha que agora se abateu sobre a institui\u00e7\u00e3o.<\/p>\n<p><strong>As posi\u00e7\u00f5es do ISCTAC<\/strong><\/p>\n<p>Para n\u00e3o admitir que ao longo dos \u00faltimos cinco anos os seus estudantes dos cursos de licenciatura estiveram a ser formados por um docente que n\u00e3o tinha o grau de licenciatura, assim como para n\u00e3o admitir que esse docente obteve o grau de mestre naquela mesma institui\u00e7\u00e3o de ensino superior sem que tivesse o grau de licenciatura, o ISCTAC enviou uma carta ao Centro de Jornalismo Investigativo (CJI) com o intuito de exercer o direito de resposta, uma manobra fracassada com o objectivos de nos confundir.<\/p>\n<p>Com efeito, no lugar de esclarecer os factos, aquela institui\u00e7\u00e3o de ensino superior tornou o caso ainda mais complexo ao fazer desaparecer o certificado de licenciatura dos anexos constantes do seu pretenso exerc\u00edcio de direito de resposta, deixando chegar ao nosso conhecimento apenas a declara\u00e7\u00e3o de cadeiras feitas para confirmar que o visado terminou a licenciatura. Nem com a nossa insist\u00eancia o ISCTAC conseguiu explicar o paradeiro do certificado, ao qual somente tivemos acesso, como referimos anteriormente, com recurso a outras dilig\u00eancias no ISRI. \u00c9 este certificado que chegou as m\u00e3os do CJI e que hoje publicamos em anexo na presente reportagem.<\/p>\n<p>Para al\u00e9m de ter feito desaparecer o certificado nos anexos do pretenso direito de resposta, o ISCTAC vai esclarecendo que a demora na resposta ao nosso questionamento deveu-se \u00e0 situa\u00e7\u00e3o do COVID 19 e ao encerramento das institui\u00e7\u00f5es de ensino. Sem nunca esclarecer como um indiv\u00edduo com apenas 12\u00aa classe formou \u201clicenciados\u201d nos \u00faltimos cinco anos, o ISCTAC termina aconselhando o visado El\u00eddio Cuco para que, querendo e a t\u00edtulo individual, possa defender-se e accionar todos os mecanismos ao seu dispor para repor a sua reputa\u00e7\u00e3o e imagem acad\u00e9mica, ora chamuscada. Sem pretender colocar em causa a reputa\u00e7\u00e3o e imagem acad\u00e9mica do \u201cmestre\u201d El\u00eddio Cuco, que formou \u201clicenciados\u201d durante cinco anos no ISCTAC quando afinal tinha apenas 12\u00aa classe. E como ter\u00e1 feito o seu mestrado no mesmo ano em que fez a licenciatura? As respostas a essas quest\u00f5es continuam no segredo dos deuses. O CJI est\u00e1 a debru\u00e7ar sobre a lei do ensino superior e ontem obtivemos esclarecimentos oportunos do docente que traremos a p\u00fablico, em breve.<\/p>","protected":false},"excerpt":{"rendered":"<p>&nbsp; Com contornos tr\u00e1gico-comicos, o \u201canalista politico\u201d e docente universit\u00e1rio, Elidio Cuco (ver aqui) terminou a sua Licenciatura em Setembro de 2019 e o Mestrado em Dezembro do mesmo ano. Um caso suis generis e ins\u00f3lito que est\u00e1 a deixar espantados e de cabelos iri\u00e7ados sectores da academia mo\u00e7ambicana, e n\u00e3o s\u00f3. O Minist\u00e9rio do [&hellip;]<\/p>","protected":false},"author":7,"featured_media":2372,"comment_status":"open","ping_status":"open","sticky":false,"template":"","format":"standard","meta":{"footnotes":""},"categories":[275],"tags":[266],"rttpg_featured_image_url":{"full":["https:\/\/cjimoz.org.mz\/news\/wp-content\/uploads\/2020\/04\/Cuci.jpg",374,443,false],"landscape":["https:\/\/cjimoz.org.mz\/news\/wp-content\/uploads\/2020\/04\/Cuci.jpg",374,443,false],"portraits":["https:\/\/cjimoz.org.mz\/news\/wp-content\/uploads\/2020\/04\/Cuci.jpg",374,443,false],"thumbnail":["https:\/\/cjimoz.org.mz\/news\/wp-content\/uploads\/2020\/04\/Cuci-250x296.jpg",127,150,true],"medium":["https:\/\/cjimoz.org.mz\/news\/wp-content\/uploads\/2020\/04\/Cuci.jpg",253,300,false],"large":["https:\/\/cjimoz.org.mz\/news\/wp-content\/uploads\/2020\/04\/Cuci.jpg",374,443,false],"1536x1536":["https:\/\/cjimoz.org.mz\/news\/wp-content\/uploads\/2020\/04\/Cuci.jpg",374,443,false],"2048x2048":["https:\/\/cjimoz.org.mz\/news\/wp-content\/uploads\/2020\/04\/Cuci.jpg",374,443,false],"trp-custom-language-flag":["https:\/\/cjimoz.org.mz\/news\/wp-content\/uploads\/2020\/04\/Cuci.jpg",10,12,false],"post-thumbnail":["https:\/\/cjimoz.org.mz\/news\/wp-content\/uploads\/2020\/04\/Cuci-150x178.jpg",150,178,true],"retina2x":["https:\/\/cjimoz.org.mz\/news\/wp-content\/uploads\/2020\/04\/Cuci.jpg",374,443,false],"retina3x":["https:\/\/cjimoz.org.mz\/news\/wp-content\/uploads\/2020\/04\/Cuci.jpg",374,443,false],"retina4x":["https:\/\/cjimoz.org.mz\/news\/wp-content\/uploads\/2020\/04\/Cuci.jpg",374,443,false],"retina5x":["https:\/\/cjimoz.org.mz\/news\/wp-content\/uploads\/2020\/04\/Cuci.jpg",374,443,false],"retina6x":["https:\/\/cjimoz.org.mz\/news\/wp-content\/uploads\/2020\/04\/Cuci.jpg",374,443,false]},"rttpg_author":{"display_name":"Luis Nhachote","author_link":"https:\/\/cjimoz.org.mz\/news\/en\/author\/luis-nhachote\/"},"rttpg_comment":0,"rttpg_category":"<a href=\"https:\/\/cjimoz.org.mz\/news\/en\/category\/sociedade\/\" rel=\"category tag\">Sociedade<\/a>","rttpg_excerpt":"&nbsp; Com contornos tr\u00e1gico-comicos, o \u201canalista politico\u201d e docente universit\u00e1rio, Elidio Cuco (ver aqui) terminou a sua Licenciatura em Setembro de 2019 e o Mestrado em Dezembro do mesmo ano. Um caso suis generis e ins\u00f3lito que est\u00e1 a deixar espantados e de cabelos iri\u00e7ados sectores da academia mo\u00e7ambicana, e n\u00e3o s\u00f3. O Minist\u00e9rio do&hellip;","_links":{"self":[{"href":"https:\/\/cjimoz.org.mz\/news\/en\/wp-json\/wp\/v2\/posts\/2375"}],"collection":[{"href":"https:\/\/cjimoz.org.mz\/news\/en\/wp-json\/wp\/v2\/posts"}],"about":[{"href":"https:\/\/cjimoz.org.mz\/news\/en\/wp-json\/wp\/v2\/types\/post"}],"author":[{"embeddable":true,"href":"https:\/\/cjimoz.org.mz\/news\/en\/wp-json\/wp\/v2\/users\/7"}],"replies":[{"embeddable":true,"href":"https:\/\/cjimoz.org.mz\/news\/en\/wp-json\/wp\/v2\/comments?post=2375"}],"version-history":[{"count":1,"href":"https:\/\/cjimoz.org.mz\/news\/en\/wp-json\/wp\/v2\/posts\/2375\/revisions"}],"predecessor-version":[{"id":2377,"href":"https:\/\/cjimoz.org.mz\/news\/en\/wp-json\/wp\/v2\/posts\/2375\/revisions\/2377"}],"wp:featuredmedia":[{"embeddable":true,"href":"https:\/\/cjimoz.org.mz\/news\/en\/wp-json\/wp\/v2\/media\/2372"}],"wp:attachment":[{"href":"https:\/\/cjimoz.org.mz\/news\/en\/wp-json\/wp\/v2\/media?parent=2375"}],"wp:term":[{"taxonomy":"category","embeddable":true,"href":"https:\/\/cjimoz.org.mz\/news\/en\/wp-json\/wp\/v2\/categories?post=2375"},{"taxonomy":"post_tag","embeddable":true,"href":"https:\/\/cjimoz.org.mz\/news\/en\/wp-json\/wp\/v2\/tags?post=2375"}],"curies":[{"name":"wp","href":"https:\/\/api.w.org\/{rel}","templated":true}]}}