{"id":2441,"date":"2020-09-14T07:52:20","date_gmt":"2020-09-14T05:52:20","guid":{"rendered":"https:\/\/cjimoz.org\/news\/?p=2441"},"modified":"2020-09-21T13:49:02","modified_gmt":"2020-09-21T11:49:02","slug":"bonomado-machude-omar-ou-ibn-omar-o-mocambicano-nas-lides-terroristas-na-carnificina-de-cabo-delgado","status":"publish","type":"post","link":"https:\/\/cjimoz.org.mz\/news\/en\/bonomado-machude-omar-ou-ibn-omar-o-mocambicano-nas-lides-terroristas-na-carnificina-de-cabo-delgado\/","title":{"rendered":"Bonomado Machude Omar ou Ibn Omar o mo\u00e7ambicano nas lides terroristas na carnificina de Cabo Delgado"},"content":{"rendered":"<p>Num dos videos viralizados pelos terroristas ap\u00f3s a tomada da vila sede de Mocimboa da Praia, um dos homens que aparece como orador \u00e9 um mo\u00e7ambicano, segundo apurou o Centro de Jornalismo Investigativo ap\u00f3s uma pesquisa aturada.\u00a0 Conhecido pelo nome de Ibn Omar, o seu nome de baptismo \u00e9 Bonomade Machude Omar um jovem Mo\u00e7ambicano, natural de Cabo Delgado, distrito de Palma, com inf\u00e2ncia passada no distrito de Mocimboa da Praia. Ibn Omar \u00e9 o responsavel dos ataques,\u00a0 aquele que dita as regras, como atacar, onde atacar e a quem se deve matar. Todas as ideias de ataque e contra ataque dos bandidos armados em Cabo Delgado est\u00e3o na responsabilidade de Ibn Omar. Pode assim se afirmar que ele \u00e9 o bra\u00e7o directo de quem sai a ganhar nessa guerra de Cabo Degado.<\/p>\n<p><img decoding=\"async\" class=\"alignnone size-medium wp-image-2442\" src=\"https:\/\/cjimoz.org\/news\/wp-content\/uploads\/2020\/09\/Ibn-400x219.jpg\" alt=\"\" width=\"300\" height=\"164\" \/><\/p>\n<!--[if lt IE 9]><script>document.createElement('audio');<\/script><![endif]-->\n<audio class=\"wp-audio-shortcode\" id=\"audio-2441-1\" preload=\"none\" style=\"width: 100%;\" controls=\"controls\"><source type=\"audio\/mpeg\" src=\"https:\/\/cjimoz.org\/news\/wp-content\/uploads\/2020\/09\/16.09-excerto-noticiario-12h00-cji.1453.mp3?_=1\" \/><a href=\"https:\/\/cjimoz.org\/news\/wp-content\/uploads\/2020\/09\/16.09-excerto-noticiario-12h00-cji.1453.mp3\" target=\"_blank\" rel=\"noopener\">https:\/\/cjimoz.org\/news\/wp-content\/uploads\/2020\/09\/16.09-excerto-noticiario-12h00-cji.1453.mp3<\/a><\/audio>\n<p><strong><u>Da infancia tranquila<\/u><\/strong><\/p>\n<p>&nbsp;<\/p>\n<p>Bonomade Machude Omar tamb\u00e9m \u00e9 conhecido por \u201cRei da Floresta\u201d, depois de concluir a sua 12 classe na Escola Secund\u00e1ria Janu\u00e1rio Pedro de Mocimboa da Praia, estudou o Isl\u00e3o em v\u00e1rios pa\u00edses e no seu regresso pertenceu as fileiras da \u00c1frica Muslim na cidade de Pemba.<\/p>\n<p>Fontes ouvidas pelo CJI descrevem Ibn Omar, como sendo um grande \u201creligioso Isl\u00e2mico, esperto e muito inteligente\u201d. Quando era aluno, apresentava sempre boas notas, esfor\u00e7ado e dedicado, nunca desconfiaram do seu futuro estaria relacionado ao terrorismo, nunca apresentou sinais estranho naquela altura. \u201cEle era muito calmo, fazia tudo segundo ALLAH, n\u00e3o se envolvia em confus\u00f5es e sabia desviar-se de provoca\u00e7\u00f5es de colegas de escola\u201d. Disse a fonte.<\/p>\n<p>Alguns residentes de Mocimboa da Praia, descrevem \u201co Bonomade ou Ibn Omar, ou Leao da Floresta seja la quem quer que ele se intitule, mudou muito o seu comportamento. Ele tinha uma coisa estranha no seu ser, dava para desconfiar da sua participa\u00e7\u00e3o nesses ataques por causa da discordia e seitas feitas por jovens com quem ele andava, acreditando que eram certas e \u00e9 o que Allah quer, tal como os extremistas fazem justificando que s\u00e3o mu\u00e7ulmanos puros. Ele era fingido, tinha viol\u00eancia nos seus olhos e tinha muito apoio de alguns lideres do bairros e moradores locais. N\u00f2s os que n\u00e3o somos naturais de Mocimboa da Praia \u00e9 que n\u00e3o sabiamos quem \u00e9 o Ibn Omar. Por isso sa\u00edmos de l\u00e1 e voltamos para Pemba, todos n\u00f2s que fomos a Mocimboa da Praia por questoes de trabalho sentimo-nos obrigados a sair por causa da guerra, medo e inseguran\u00e7a.\u201d Disse a nossa fonte.<\/p>\n<p>Ibn Omar, vive ou melhor, vivia no bairro de Nanduandua em Mocimboa da Praia, e seu encarregado de Educacao e um politico a n\u00edvel do distrito, o professor reformado Abdul Fomassane. Na casa deste professor reformado, para al\u00e9m do Ibn Omar, existiam tamb\u00e9m dois jovens o qual est\u00e3o envolvidos nestes ataques. Parece que s\u00e3o os seus sobrinhos. Assim ele os chamou, sobrinhos.<\/p>\n<p><strong>Porque as FDS n\u00e3o conseguem capturar o Ibn Omar?<\/strong><\/p>\n<p>Ibn Omar tem v\u00e1rios aliados, desde as for\u00e7as de defesa at\u00e9 aos civ\u00eds em todos os distritos onde h\u00e1 guerra assim como na cidade de Pemba, Maputo e Niassa. Na verdade eles est\u00e3o em todo o pa\u00eds, espalhados como comerciantes enquanto favorecem a guerra em Cabo Delgado.<\/p>\n<p>Quando os militares est\u00e3o a entrar ou sair num distrito, Ibn Omar tem tido informa\u00e7\u00e3o\u00a0 atrav\u00e9s de suas fontes espalhadas em varios lugares. Quando entram nas vilas distritais, Ibn Omar atrav\u00e9s dos moradores obtem informa\u00e7\u00e3o sobre a entrada e saida de militares. Em poucas pal\u00e1vras, o Le\u00e3o da Floresta tem fontes oficiais e civis que o d\u00e3o informa\u00e7\u00e3o de todo o percurso das FDS. N\u00e3o h\u00e1 d\u00f9vidas de que este n\u00e3o \u00e9 apenas um assunto de Estado Isl\u00e2mico, existe algu\u00e9m de poder\u00a0 dentro de Mo\u00e7ambique, que sai a ganhar, por isso as fardas iguais as dos militares da FDS embora com bandeira do estado Islamico. Algu\u00e9m com facilidades de obter fardas das FDS de Mo\u00e7ambique est\u00e1 envolvido neste acto macabro e a sua contribui\u00e7\u00e3o est\u00e1 em dar a farda militar, at\u00e9 ao pingo de chuva como sabe-se que eles t\u00eam para os terroristas. Isto n\u00e3o passa de um neg\u00f3cio onde tem muita coisa envolvida. \u201cAs armas de luxo, autom\u00e1ticas importadas no mandato de Guebuza alegadamente para SISE que at\u00e9 chamaram Israelitas para treinarem alguns membros da defesa, onde est\u00e3o neste exacto momento?\u201d pergunta a fonte que nos faz a narrativa \u201cCad\u00ea os atiradores treinados? Aquele militar que foi detido em Nampula que traziam consigo farda militar para dar aos terroristas em Cabo Delgado, \u00e9 da casa militar, farda recebida apartir do quartel general.<\/p>\n<p>Segundo pesquisa feita pela &#8220;Carta de Mo\u00e7ambique&#8221; sobre a conta <a href=\"https:\/\/www.cartamz.com\/index.php\/crime\/item\/403-carta-investigou-o-misterioso-shakira-lecticia-e-como-ele-usou-o-facebook-para-exaltar-a-insurgencia-no-norte-de-mocambique\" target=\"_blank\" rel=\"noopener\">Shakira Junior Lecticia<\/a>, uma das mo\u00e7as o qual aparece sua foto nessa conta, disse para Carta que tirou aquela foto para enviar ao seu namorado que \u00e9 militar, cujo miss\u00e3o terminada em Macomia teve que regressar a Maputo. A pergunta que at\u00e9 ent\u00e3o n\u00e3o cal \u00e9 como essa foto parou naquele grupo de que fazia incita\u00e7\u00e3o \u00e0 violencia? Quem \u00e9 este militar? Em fim, a verdade \u00e9 que est\u00e0 mais do que claro que h\u00e1 militares envolvidos nestes ataques e que favorecem aos bandidos armados.<\/p>\n<p>&nbsp;<\/p>\n<p><strong>Que grupo \u00e9\u00a0 este e porque torna dif\u00edcil de serem desmantelados?<\/strong><\/p>\n<p>O CJI apurou que trata-se do Estado Isl\u00e2mico com uma m\u00e3o de algu\u00e9m que esteja no poder que ganha com estes ataques. Os bandidos armados acreditam que est\u00e3o a matar as pessoas na f\u00e9, em nome de Deus Todo Poderoso porque tornaram-se impuras e se desviaram das verdadeiras escrituras sagradas.<\/p>\n<p>Voltemos ao grupo fechado do facebook Shakira Junior Lecticia. Este era um grupo fechado. O CJI apartir de algumas publica\u00e7\u00f5es deste grupo, pesquisou alguns nomes que aparecem neste grupo a dar \u201cLIKE\u201d nas publicaca\u00e7\u00f5es, todos s\u00e3o naturais de Cabo Delgado e alguns deles membros da Organiza\u00e7\u00e3o da Juventude Mo\u00e7ambicana (OJM), o bra\u00e7o juvenil \u00a0do partido Frelimo. Como \u00e9\u00a0 que jovens activos da OJM a n\u00edvel de um distrito colocariam um GOSTO numa publicacao onde Shakira Junior Lecticia publicaria ataques, e ataques? Porque nunca denunciaram est\u00e1 conta? Porque sempre as mesmas pessoas colocavam os LIKE nas publica\u00e7\u00f5es de Shakira Junior Lecticia?<\/p>\n<p>\u00c9 dificil desmantelar este grupo porque s\u00e3o v\u00e1rios e est\u00e3o em todos os lugares, trata-se de uma mistura de pessoas em todas as \u00e1reas: os que est\u00e3o nas matas s\u00e3o por eles liderados os seus comandantes locais:<\/p>\n<ul>\n<li>Bonomade Machude Omar residente em Mocimboa da Praia;<\/li>\n<li>Canimambo de Macomia, irmao de Seha, residentes no bairro da Subesta\u00e7\u00e3o Cahora Bassa<\/li>\n<li>Mussa residente em Macomia;<\/li>\n<\/ul>\n<p>E nas matas:<\/p>\n<ol>\n<li>Jovens recrutados nas mesquitas acreditando que fazem tudo em nome de Allah;<\/li>\n<li>Jovens comerciantes com vontade de ver ver seu neg\u00f3cio a crescer duma maneira r\u00e1pida e enganados por dinheiro; alguns destes s\u00e3o jovens comerciantes do mercado de Natite na cidade de Pemba, que hoje em dia encontra-se as moscas pois os donos est\u00e3o a cumprir a miss\u00e3o de matar e matar;<\/li>\n<li>Jovens activos na pol\u00edtica a nivel de alguns distritos como \u00e9 o caso de Macomia, para servirem de espi\u00f5es sobre o que se diz pelo governo em rela\u00e7\u00e3o a guerra; estes \u00e9 que tiravam as fotos dos militares e davam aos amigos para postarem na conta Shakira J\u00fanior Lecticia.<\/li>\n<li>Naturais enganados que ap\u00f3s a vict\u00f3 ria dos bandidos armados, ter\u00e3o um Estado Independente, onde os governantes n\u00e3o ser\u00e3o os politicos que simplesmente se importam com riqueza; a popula\u00e7\u00e3o principalmente de Mocimboa da Praia, acreditam que os bandidos armados seus filhos e sobrinhos, quando dominarem a provincia toda, nao terao sofrimento, pobreza, e far\u00e3o o uso das suas riquezas naturais. A popula\u00e7\u00e3o acredita ainda que os Al Shabaab ou bandidos armados,est\u00e3o certos que muitos crentes Mu\u00e7ulmanos est\u00e3o impuros e precisam que sejam exterminados como quer Allah.<\/li>\n<li>Jovens desempregados enganados que teriam um pemprego e foram obrigados a ir nas matas onde foram treinados e instruidos e obrigados a matar.nessa vida s\u00f3 se seguem ordens, n\u00e3o h\u00e1 disc\u00f3rdia e nao se sa\u00ed caso tente sair deste grupo \u00e9 morte, juntamente a sua familia. \u00c9 um caminho sem volta.<\/li>\n<\/ol>\n<p>&nbsp;<\/p>\n<p><strong>Quem financia este grupo?<\/strong><\/p>\n<p>&nbsp;<\/p>\n<p>Desde 2007 que entraram em Mo\u00e7ambique, Somalis, Iranianos, Seneganenses, Tanzanianos, etc, alguns membros do Estado Isl\u00e2mico para estudar as fragilidades de Mo\u00e7ambique e orquestrar os seus ataques no Norte de Mo\u00e7ambique, onde a maior parte sao Mu\u00e7ulmanos, e com a fronteira da Tanzania \u00e9 mais r\u00e1pido a entrada de Al Shabaab, e a comunica\u00e7\u00e3o falada Suahili facilita p\u00f3s naquelas zonas falasse com muita flu\u00eancia.<\/p>\n<p>O Estado Isl\u00e2mico entrou em Mo\u00e7ambique h\u00e1 muito tempo. Muitos deles entrararam como comerciantes, e est\u00e3o em todo o territ\u00f3rio mo\u00e7ambicano. Segundo uma fonte ouvida pelo CJI, que tinha sido recrutada em 2007 na provincia de Niassa por Somalis para ser cozinheira. Mais tarde descobriu que trata-se de um grupo extremista e que organizava ataques em qualquer momento na zona Norte de Mo\u00e7ambique, caso particular Cabo Delgado.<\/p>\n<ol>\n<li>Atrav\u00e9s de seus neg\u00f3cios: lojas, mercearias, empresas, dentro do pa\u00eds foram arrecadando fundos para sustentar a guerra;<\/li>\n<li>Eles at\u00e9 t\u00eam bombas de combust\u00edvel na provincia de Niassa, e o valor usam para sustentar as guerras de Cabo Delgado;<\/li>\n<\/ol>\n<p>No \u00f9ltimo mandato do presidente Armando Emilio Guebuza, quando Nyusy era Ministro da defesa, sumiram armas e fardas, foram roubadas estranhamente mais de 200 armas das FDS, ningu\u00e9m sabe o que aconteceu e como aconteceu ate ent\u00e3o.<\/p>\n<ul>\n<li>Os bandidos armados usam fardas e armas do Estado Mo\u00e7ambicano e ainda outras armas melhores que as dos militares da FDS.<\/li>\n<li>Uma parte das dividas ocultas, foi a compra de armas muito potentes que n\u00e3o se sabe ainda onde foram parar at\u00e9 hoje.Ningu\u00e9m explica, ningu\u00e9m diz nada at\u00e9 ent\u00e3o algo que esteja relacionado com aquelas armas. Porque Mussumbuluko as negociou em nome do Estado Mo\u00e7ambicano? Onde est\u00e3o as armas? E quem as tem em sua posse?<\/li>\n<\/ul>\n<p>&nbsp;<\/p>\n<p><strong>Dire\u00e7\u00e3o errada da investiga\u00e7\u00e3o do SISE sobre jovens recrutados para a insurgencia<\/strong><\/p>\n<p>O CJI apurou que os Servi\u00e7o de Informa\u00e7\u00e3o e Seguran\u00e7a do Estado (SISE) teve conhecimento de existencia de um grupo de jovens a serem recrutadas para um treinamento militar, o que n\u00e3o se sabia era para que fim e quem era o responsavel deste recrutamento e onde era feito o recrutamento?<\/p>\n<p>Entre 2014 a 2017 antes do primeiro ataque, v\u00e1rios funcion\u00e1rios do SISE investigavam este grupo de jovens recrutados, segundo apuramos.<\/p>\n<p>A investiga\u00e7\u00e3o do SISE estava num angulo errado, que ter\u00e1 ficado a acreditar que os treinandos fosse viveiros da rebeli\u00e3o da Renamo comandados por Afornso Dhlakama na altura em vida. O SISE andou a\u00a0 investigara v\u00e1rios membros da Renamo em Cabo Delgado caso particular a cidade de Pemba, uma vez que haviam rumores de um certo recrutador no bairro de Natite, cidade de Pemba. Mesmo assim sem sucesso.<\/p>\n<p>Em 2017, muito antes do primeiro ataque dos terroristas em Mocimboa da Praia,houve um episodio que o CJI acompanhou segundo de multiplas fontes no distrito de Mecufi aldeia de Muaria.<\/p>\n<p>\u201cV\u00e1rios jovens foram inscritos para estudarem madrassa naquela aldeia e posteriormente com promessas de\u00a0 estudar o Islao fora do pa\u00eds\u201d, como conta a nossa fonte: \u201co meu filho j\u00e1 n\u00e3o comia em casa, dizia que sou impura e n\u00e3o poderia comer refei\u00e7\u00f5es preparadas por uma mulher impura. Aquilo era estranho para mim. J\u00e0\u00a0 n\u00e3o me respitava, e dizia que ele \u00e9 \u00a0adulto para comer em casa. O meu filho ate dormia la na madrassa, nas noites n\u00f3s escutavamos barulhos de treinamento militar, parecia que durante a noite eles treinavam Karate.\u201d Disse a fonte.<\/p>\n<p>Cada dia que passasse eu sentia que estava a perder o meu filho. Meses depois, o meu marido chegou em casa, sa\u00edndo de Pemba. Contei-lhe o que se passa com o menino e ele tamb\u00e9m notou a mudanca de comportamento, habitos e costumes do meu filho tudo era estranho. Foi quando ele come\u00e7ou a procurar saber que mesquita era essa. Dias depois, o menino apareceu a pedir sua cedula pessoal para levar a madrassa porque estavam a organizarem-se para uma viajem,\u00a0 iriam estudar o Isl\u00e3o fora do pa\u00eds. Meu marido ficou mais preocupando ainda, aproximamos as autoridades e colocamos o assunto. Depois disso, descobrimos que tratava-se de uma mesquita falsa. Nao tinha arcabes, (nao tinha aquele lugar sagrado onde fica aquela pessoa que dirige a ora\u00e7\u00e3o) era apenas um edif\u00edcio usado por pessoas que estavam a recrutar jovens inocentes para a guerra de Cabo Delgado em nome de Allah.\u201dAcrescentou a fonte.<\/p>\n<p>\u201cGracas a Deus o meu filho desistiu logo que o meu marido chegou de viagem&#8230;olha, existem crian\u00e7as que at\u00e9 hoje n\u00e3o se sabe onde est\u00e3o, se continuam\u00a0 vivos ou mortes\u201d&#8230;exclamou a fonte.<\/p>\n<p>Trata-se de uma mesquita que tinha o nome de Africa Muslim no distrito de Mecufi, aldeia de Muaria, pertencente ao Abudo Sadat, e os professores dessa estranha madrassa eram Abudo Agimo, Temane, Mahando Abdul. Este recrutamento foi no prin\u00edipio de 2017 e no mesmo ano a mesquita foi destruida por\u00a0 autoridades e comunidades.\u00a0 Estes homens haviam sido presos por 2 a 3 meses e depois foram soltos alegadamente que seriam julgados em liberdade, coisa que ate a data de hoje n\u00e3o aconteceu. A maior parte da popula\u00e7\u00e3o de Mecufi e de religi\u00e3o Islamica. Ibn Omar, pertenceu a Africa Muslim. Esta falsa mesquita no distrito de Mecufi tambem tinha o nome de Africa Muslim. Uma pergunta que a equipe carrega relactivamente \u00e0 este assunto\u00a0 \u00e9: sera que a mesquita Africa Muslim esta involvida nestes ataques? Era de seu conhecimento aquela mesquita com seu nome mais sem o lugar para aquele que dirige a oracao? Ser\u00e1 que foi usado o nome Africa Muslim para manipular as pessoas? Estas e v\u00e1rias quest\u00f5es sem respostas, m\u00e1s a verdade \u00e9 unica: Ibn Omar pertenceu a Africa Muslim.<\/p>\n<p><strong>\u00a0<\/strong><\/p>\n<p><strong>Negocio dos \u00f3rgaos humanos na guerra de Cabo Delgado<\/strong><\/p>\n<p><strong>\u00a0<\/strong>Nesta guerra tamb\u00e9m houve muito neg\u00f3cio de \u00f3rg\u00e3os humanos. Pois os terroristas desde 2017 quando come\u00e7aram a matar pessoas, sempre tiraram algumas partes dos \u00f3rg\u00e3os das v\u00edtimas. Como \u00e9 o caso de \u00f3rg\u00e3os genitais, gargantas, entre outros. Ate ent\u00e3o nunca chegou a se perceber onde vendiam, para quem vendem, e quem \u00e9 o patr\u00e3o Mo\u00e7ambicano que deu a carta branca \u00e0 estes bandidos&#8230;<\/p>\n<p>&nbsp;<\/p>\n<p>&nbsp;<\/p>","protected":false},"excerpt":{"rendered":"<p>Num dos videos viralizados pelos terroristas ap\u00f3s a tomada da vila sede de Mocimboa da Praia, um dos homens que aparece como orador \u00e9 um mo\u00e7ambicano, segundo apurou o Centro de Jornalismo Investigativo ap\u00f3s uma pesquisa aturada.\u00a0 Conhecido pelo nome de Ibn Omar, o seu nome de baptismo \u00e9 Bonomade Machude Omar um jovem Mo\u00e7ambicano, [&hellip;]<\/p>","protected":false},"author":7,"featured_media":2442,"comment_status":"open","ping_status":"open","sticky":false,"template":"","format":"standard","meta":{"footnotes":""},"categories":[273],"tags":[266],"rttpg_featured_image_url":{"full":["https:\/\/cjimoz.org.mz\/news\/wp-content\/uploads\/2020\/09\/Ibn.jpg",768,421,false],"landscape":["https:\/\/cjimoz.org.mz\/news\/wp-content\/uploads\/2020\/09\/Ibn.jpg",768,421,false],"portraits":["https:\/\/cjimoz.org.mz\/news\/wp-content\/uploads\/2020\/09\/Ibn.jpg",768,421,false],"thumbnail":["https:\/\/cjimoz.org.mz\/news\/wp-content\/uploads\/2020\/09\/Ibn-250x137.jpg",150,82,true],"medium":["https:\/\/cjimoz.org.mz\/news\/wp-content\/uploads\/2020\/09\/Ibn-400x219.jpg",300,164,true],"large":["https:\/\/cjimoz.org.mz\/news\/wp-content\/uploads\/2020\/09\/Ibn-650x356.jpg",650,356,true],"1536x1536":["https:\/\/cjimoz.org.mz\/news\/wp-content\/uploads\/2020\/09\/Ibn.jpg",768,421,false],"2048x2048":["https:\/\/cjimoz.org.mz\/news\/wp-content\/uploads\/2020\/09\/Ibn.jpg",768,421,false],"trp-custom-language-flag":["https:\/\/cjimoz.org.mz\/news\/wp-content\/uploads\/2020\/09\/Ibn.jpg",18,10,false],"post-thumbnail":["https:\/\/cjimoz.org.mz\/news\/wp-content\/uploads\/2020\/09\/Ibn-150x82.jpg",150,82,true],"retina2x":["https:\/\/cjimoz.org.mz\/news\/wp-content\/uploads\/2020\/09\/Ibn.jpg",768,421,false],"retina3x":["https:\/\/cjimoz.org.mz\/news\/wp-content\/uploads\/2020\/09\/Ibn.jpg",768,421,false],"retina4x":["https:\/\/cjimoz.org.mz\/news\/wp-content\/uploads\/2020\/09\/Ibn.jpg",768,421,false],"retina5x":["https:\/\/cjimoz.org.mz\/news\/wp-content\/uploads\/2020\/09\/Ibn.jpg",768,421,false],"retina6x":["https:\/\/cjimoz.org.mz\/news\/wp-content\/uploads\/2020\/09\/Ibn.jpg",768,421,false]},"rttpg_author":{"display_name":"Luis Nhachote","author_link":"https:\/\/cjimoz.org.mz\/news\/en\/author\/luis-nhachote\/"},"rttpg_comment":0,"rttpg_category":"<a href=\"https:\/\/cjimoz.org.mz\/news\/en\/category\/direitos-humanos\/\" rel=\"category tag\">Direitos Humanos<\/a>","rttpg_excerpt":"Num dos videos viralizados pelos terroristas ap\u00f3s a tomada da vila sede de Mocimboa da Praia, um dos homens que aparece como orador \u00e9 um mo\u00e7ambicano, segundo apurou o Centro de Jornalismo Investigativo ap\u00f3s uma pesquisa aturada.\u00a0 Conhecido pelo nome de Ibn Omar, o seu nome de baptismo \u00e9 Bonomade Machude Omar um jovem Mo\u00e7ambicano,&hellip;","_links":{"self":[{"href":"https:\/\/cjimoz.org.mz\/news\/en\/wp-json\/wp\/v2\/posts\/2441"}],"collection":[{"href":"https:\/\/cjimoz.org.mz\/news\/en\/wp-json\/wp\/v2\/posts"}],"about":[{"href":"https:\/\/cjimoz.org.mz\/news\/en\/wp-json\/wp\/v2\/types\/post"}],"author":[{"embeddable":true,"href":"https:\/\/cjimoz.org.mz\/news\/en\/wp-json\/wp\/v2\/users\/7"}],"replies":[{"embeddable":true,"href":"https:\/\/cjimoz.org.mz\/news\/en\/wp-json\/wp\/v2\/comments?post=2441"}],"version-history":[{"count":3,"href":"https:\/\/cjimoz.org.mz\/news\/en\/wp-json\/wp\/v2\/posts\/2441\/revisions"}],"predecessor-version":[{"id":2458,"href":"https:\/\/cjimoz.org.mz\/news\/en\/wp-json\/wp\/v2\/posts\/2441\/revisions\/2458"}],"wp:featuredmedia":[{"embeddable":true,"href":"https:\/\/cjimoz.org.mz\/news\/en\/wp-json\/wp\/v2\/media\/2442"}],"wp:attachment":[{"href":"https:\/\/cjimoz.org.mz\/news\/en\/wp-json\/wp\/v2\/media?parent=2441"}],"wp:term":[{"taxonomy":"category","embeddable":true,"href":"https:\/\/cjimoz.org.mz\/news\/en\/wp-json\/wp\/v2\/categories?post=2441"},{"taxonomy":"post_tag","embeddable":true,"href":"https:\/\/cjimoz.org.mz\/news\/en\/wp-json\/wp\/v2\/tags?post=2441"}],"curies":[{"name":"wp","href":"https:\/\/api.w.org\/{rel}","templated":true}]}}