{"id":2574,"date":"2021-02-28T09:09:35","date_gmt":"2021-02-28T07:09:35","guid":{"rendered":"https:\/\/cjimoz.org\/news\/?p=2574"},"modified":"2021-02-28T09:09:35","modified_gmt":"2021-02-28T07:09:35","slug":"manifestacao-de-charme-com-uma-vacina-que-deve-ser-testada","status":"publish","type":"post","link":"https:\/\/cjimoz.org.mz\/news\/en\/manifestacao-de-charme-com-uma-vacina-que-deve-ser-testada\/","title":{"rendered":"Manifesta\u00e7\u00e3o de charme com uma vacina que deve ser testada"},"content":{"rendered":"<p><img fetchpriority=\"high\" decoding=\"async\" class=\"alignnone size-medium wp-image-2575\" src=\"https:\/\/cjimoz.org\/news\/wp-content\/uploads\/2021\/02\/charme-400x320.jpg\" alt=\"\" width=\"300\" height=\"240\" \/><\/p>\n<p><strong>Com 200 mil doses duma vacina, cuja efic\u00e1cia contra a variante sul-africana da Covid-19 ainda n\u00e3o foi testada, o Governo de Mo\u00e7ambique reivindica ganhos na luta contra o coronav\u00edrus. A investiga\u00e7\u00e3o do Centro de Jornalismo Investigativo apurou que o pa\u00eds, para al\u00e9m da benesse chinesa, s\u00f3 poder\u00e1 beneficiar de mais vacinas em finais de 2021. Entretanto, um outro lobby, que o CJI come\u00e7ou a seguir o rasto, pretende introduzir, no pa\u00eds, at\u00e9 finais de Junho, a vacina de Oxford\/AstraZeneca, que se manifestou ineficaz contra a variante 501Y.V2. O CJI sabe que essa \u00e9 a variante que maioritariamente circula em Mo\u00e7ambique.<\/strong><\/p>\n<p>&nbsp;<\/p>\n<p>Texto: CJI<\/p>\n<p>&nbsp;<\/p>\n<p>Enquanto se imuniza o pessoal de sa\u00fade, Mo\u00e7ambique tem de pensar na imuniza\u00e7\u00e3o de mais 2.691.119 de cidad\u00e3os maiores de 50 anos, que representam 76% das mortes por coronav\u00edrus no pa\u00eds. Carlos Agostinho de Ros\u00e1rio, primeiro ministro, \u00e9 optimista em rela\u00e7\u00e3o ao \u00eaxito na imuniza\u00e7\u00e3o do pessoal da sa\u00fade, mas adverte que \u201ca vacina tem de ser vista como uma medida complementar na preven\u00e7\u00e3o \u00e0 Covid-19\u201d. Mo\u00e7ambique conta com uma experi\u00eancia s\u00f3lida para suportar este processo, n\u00e3o somente pela capacidade de aplicar vacinas, mas tamb\u00e9m pela sua larga experi\u00eancia no que diz respeito \u00e0 imuniza\u00e7\u00e3o de outras doen\u00e7as ao longo do pa\u00eds.<\/p>\n<p>O CJI ouviu v\u00e1rios profissionais de sa\u00fade e muitos est\u00e3o apreensivos quanto \u00e0 efic\u00e1cia da vacina. Pelo menos quatro, em cada 10, refere que se estivesse nas suas m\u00e3os n\u00e3o se vacinaria. O medo, na sua maioria, resulta do facto de, no seu entender, n\u00e3o estar garantida a aus\u00eancia de efeitos secund\u00e1rios. Ademais, a convic\u00e7\u00e3o no sector da sa\u00fade, \u00e9 que seria bem mais eficaz usar a vacina testada na \u00c1frica do Sul, por raz\u00f5es muito naturais.<\/p>\n<p>O CJI sabe que, primeiro, sob ponto de vista epidemiol\u00f3gico, o pa\u00eds precisa de testar a vacina antes. \u00c9 prematuro avan\u00e7ar para uma campanha de vacina\u00e7\u00e3o sem grandes certezas de efic\u00e1cia. Contudo, o executivo na sua ac\u00e7\u00e3o cosm\u00e9tica de for\u00e7a apresenta algo que n\u00e3o se sabe se vai dar certo como uma grande solu\u00e7\u00e3o para os profissionais de sa\u00fade e o pa\u00eds.<\/p>\n<p>O Governo \u00e9 incapaz de assumir os custos para que as vacinas sejam adquiridas e cheguem a todas regi\u00f5es do pa\u00eds, tal como acontece com as campanhas de vacina\u00e7\u00e3o onde existe sempre um doador. De facto, o Programa Alargado de Vacina\u00e7\u00e3o (PAV) conta com um sistema tecnol\u00f3gico avan\u00e7ado de controlo e distribui\u00e7\u00e3o de vacinas, mas em pequena escala. Contudo, os grandes desafios come\u00e7am com a disponibilidade da vacina, mas tamb\u00e9m pela exist\u00eancia real de bases de dados que permitam agendar adequadamente de forma transparente as fases de vacina\u00e7\u00e3o. Deste modo h\u00e1 d\u00favidas leg\u00edtimas em v\u00e1rios actores. O jornalista Armando Nenane, referiu na sua p\u00e1gina de Facebook que o \u201cplano de vacina\u00e7\u00e3o estava a ser divulgado atrav\u00e9s de meios n\u00e3o oficiais e com recurso a porta-vozes n\u00e3o autorizados que costumam a poluir a opini\u00e3o p\u00fablica\u201d.<\/p>\n<p>Um m\u00e9dico especialista em sa\u00fade p\u00fablica chama aten\u00e7\u00e3o sobre o n\u00famero de vacinas que, no seu entender, \u201c\u00e9 curto para as necessidades dos principais centros urbanos\u201d. \u201cN\u00e3o obstante o processo ter de ir ao compasso das necessidades e recursos dispon\u00edveis e tendo em conta a infraestrutura f\u00edsica correspondente, ser\u00e1 necess\u00e1rio um esfor\u00e7o imenso para cumprir a meta de vacinar 20% da popula\u00e7\u00e3o, tendo como premissa a protec\u00e7\u00e3o e o respeito pelas necessidades do sector da sa\u00fade\u201d, apontou. Por seu turno, outros m\u00e9dicos apontam como desafios evitar a politiza\u00e7\u00e3o da vacina, ampliar a capacidade instalada, actualizar bases de dados e n\u00e3o descuidar outros planos de vacina\u00e7\u00e3o e nem a presta\u00e7\u00e3o de servi\u00e7os de sa\u00fade, assim como vigiar a poss\u00edvel emerg\u00eancia de cart\u00e9is de venda de vacinas.<\/p>\n<p>&nbsp;<\/p>\n<p>Log\u00edstica<\/p>\n<p>&nbsp;<\/p>\n<p>Em mat\u00e9ria log\u00edstica, um investigador do CISM da Manhi\u00e7a, tamb\u00e9m v\u00ea muitos desafios e refere que o principal neste campo \u00e9 operar debaixo da escassez e da incerteza. \u201cHoje nenhum pa\u00eds em vias de desenvolvimento sabe quando, nem quantos doses chegar\u00e3o claramente e a demanda supera v\u00e1rias vezes a oferta. Essa condi\u00e7\u00e3o requer uma planifica\u00e7\u00e3o distinta que contempla diferentes cen\u00e1rios para avaliar qual \u00e9 a melhor op\u00e7\u00e3o em meio a condi\u00e7\u00f5es geogr\u00e1ficas t\u00e3o assoladas por calamidades naturais como as nossas. N\u00e3o \u00e9 o mesmo vacinar em Maputo, por exemplo, do que Niassa, onde Maputo e Matola re\u00fanem uma boa percentagem da popula\u00e7\u00e3o.<\/p>\n<p>Outro ponto chave que exp\u00f5e \u00e9 minimizar o desperd\u00edcio. \u201cUma vacina\u00e7\u00e3o convencional funciona com uma l\u00f3gica onde a perdida de doses, n\u00e3o sendo desejada, prioriza a sa\u00fade do indiv\u00edduo. Essa l\u00f3gica \u00e9 adequada em contexto de abund\u00e2ncia. Numa situa\u00e7\u00e3o de pandemia com doses insuficientes deve primar a sa\u00fade colectiva sobre a individual e isso muda o esfor\u00e7o a realizar, tanto na perspectiva macro como na micro\u201d, assegura.<\/p>\n<p>Nesse sentido, sugere que o processo de vacina\u00e7\u00e3o seja \u201cprodutivo, veloz, eficiente e preciso\u201d. \u201cN\u00e3o podemos mover-nos a um ritmo de 40 vacinados por dia, isso n\u00e3o \u00e9 adequado para uma situa\u00e7\u00e3o de emerg\u00eancia, devemos desenhar processos para que cada centro aplique milhares de doses por dia. Devemos ter poucos centros de vacina\u00e7\u00e3o, mas localizados de forma a evitar o desperd\u00edcio das doses e garantir uma maior controle e coordena\u00e7\u00e3o entre oferta e demanda. S\u00f3 que temos de ter vacinas, com 200 mi doses ainda estamos a brincar\u201d, disse.<\/p>\n<p>\u201cNeste passo n\u00e3o creio que o Governo cumprir\u00e1 a meta de imunizar 3.000.000 de mo\u00e7ambicanos\u201d. sentencia. No entanto, Mo\u00e7ambique candidatou-se ao acesso \u00e0 vacina da Covid-19, atrav\u00e9s de um esquema de distribui\u00e7\u00e3o global coliderado pela Organiza\u00e7\u00e3o Mundial de Sa\u00fade, dando-lhe a op\u00e7\u00e3o de comprar doses para, pelo menos, 20% da sua popula\u00e7\u00e3o, disse o presidente Filipe Nyusi. O problema, para os especialistas ouvidos n\u00e3o reside na disponibilidade, mas na distribui\u00e7\u00e3o e o momento.<\/p>","protected":false},"excerpt":{"rendered":"<p>Com 200 mil doses duma vacina, cuja efic\u00e1cia contra a variante sul-africana da Covid-19 ainda n\u00e3o foi testada, o Governo de Mo\u00e7ambique reivindica ganhos na luta contra o coronav\u00edrus. A investiga\u00e7\u00e3o do Centro de Jornalismo Investigativo apurou que o pa\u00eds, para al\u00e9m da benesse chinesa, s\u00f3 poder\u00e1 beneficiar de mais vacinas em finais de 2021. [&hellip;]<\/p>","protected":false},"author":1,"featured_media":2575,"comment_status":"open","ping_status":"open","sticky":false,"template":"","format":"standard","meta":{"footnotes":""},"categories":[275],"tags":[266],"rttpg_featured_image_url":{"full":["https:\/\/cjimoz.org.mz\/news\/wp-content\/uploads\/2021\/02\/charme.jpg",600,480,false],"landscape":["https:\/\/cjimoz.org.mz\/news\/wp-content\/uploads\/2021\/02\/charme.jpg",600,480,false],"portraits":["https:\/\/cjimoz.org.mz\/news\/wp-content\/uploads\/2021\/02\/charme.jpg",600,480,false],"thumbnail":["https:\/\/cjimoz.org.mz\/news\/wp-content\/uploads\/2021\/02\/charme-250x200.jpg",150,120,true],"medium":["https:\/\/cjimoz.org.mz\/news\/wp-content\/uploads\/2021\/02\/charme-400x320.jpg",300,240,true],"large":["https:\/\/cjimoz.org.mz\/news\/wp-content\/uploads\/2021\/02\/charme.jpg",600,480,false],"1536x1536":["https:\/\/cjimoz.org.mz\/news\/wp-content\/uploads\/2021\/02\/charme.jpg",600,480,false],"2048x2048":["https:\/\/cjimoz.org.mz\/news\/wp-content\/uploads\/2021\/02\/charme.jpg",600,480,false],"trp-custom-language-flag":["https:\/\/cjimoz.org.mz\/news\/wp-content\/uploads\/2021\/02\/charme.jpg",15,12,false],"post-thumbnail":["https:\/\/cjimoz.org.mz\/news\/wp-content\/uploads\/2021\/02\/charme-150x120.jpg",150,120,true],"retina2x":["https:\/\/cjimoz.org.mz\/news\/wp-content\/uploads\/2021\/02\/charme.jpg",600,480,false],"retina3x":["https:\/\/cjimoz.org.mz\/news\/wp-content\/uploads\/2021\/02\/charme.jpg",600,480,false],"retina4x":["https:\/\/cjimoz.org.mz\/news\/wp-content\/uploads\/2021\/02\/charme.jpg",600,480,false],"retina5x":["https:\/\/cjimoz.org.mz\/news\/wp-content\/uploads\/2021\/02\/charme.jpg",600,480,false],"retina6x":["https:\/\/cjimoz.org.mz\/news\/wp-content\/uploads\/2021\/02\/charme.jpg",600,480,false]},"rttpg_author":{"display_name":"Reda\u00e7\u00e3o CJIMOZ","author_link":"https:\/\/cjimoz.org.mz\/news\/en\/author\/hcuambe\/"},"rttpg_comment":0,"rttpg_category":"<a href=\"https:\/\/cjimoz.org.mz\/news\/en\/category\/sociedade\/\" rel=\"category tag\">Sociedade<\/a>","rttpg_excerpt":"Com 200 mil doses duma vacina, cuja efic\u00e1cia contra a variante sul-africana da Covid-19 ainda n\u00e3o foi testada, o Governo de Mo\u00e7ambique reivindica ganhos na luta contra o coronav\u00edrus. A investiga\u00e7\u00e3o do Centro de Jornalismo Investigativo apurou que o pa\u00eds, para al\u00e9m da benesse chinesa, s\u00f3 poder\u00e1 beneficiar de mais vacinas em finais de 2021.&hellip;","_links":{"self":[{"href":"https:\/\/cjimoz.org.mz\/news\/en\/wp-json\/wp\/v2\/posts\/2574"}],"collection":[{"href":"https:\/\/cjimoz.org.mz\/news\/en\/wp-json\/wp\/v2\/posts"}],"about":[{"href":"https:\/\/cjimoz.org.mz\/news\/en\/wp-json\/wp\/v2\/types\/post"}],"author":[{"embeddable":true,"href":"https:\/\/cjimoz.org.mz\/news\/en\/wp-json\/wp\/v2\/users\/1"}],"replies":[{"embeddable":true,"href":"https:\/\/cjimoz.org.mz\/news\/en\/wp-json\/wp\/v2\/comments?post=2574"}],"version-history":[{"count":1,"href":"https:\/\/cjimoz.org.mz\/news\/en\/wp-json\/wp\/v2\/posts\/2574\/revisions"}],"predecessor-version":[{"id":2576,"href":"https:\/\/cjimoz.org.mz\/news\/en\/wp-json\/wp\/v2\/posts\/2574\/revisions\/2576"}],"wp:featuredmedia":[{"embeddable":true,"href":"https:\/\/cjimoz.org.mz\/news\/en\/wp-json\/wp\/v2\/media\/2575"}],"wp:attachment":[{"href":"https:\/\/cjimoz.org.mz\/news\/en\/wp-json\/wp\/v2\/media?parent=2574"}],"wp:term":[{"taxonomy":"category","embeddable":true,"href":"https:\/\/cjimoz.org.mz\/news\/en\/wp-json\/wp\/v2\/categories?post=2574"},{"taxonomy":"post_tag","embeddable":true,"href":"https:\/\/cjimoz.org.mz\/news\/en\/wp-json\/wp\/v2\/tags?post=2574"}],"curies":[{"name":"wp","href":"https:\/\/api.w.org\/{rel}","templated":true}]}}