{"id":2716,"date":"2021-12-14T07:42:38","date_gmt":"2021-12-14T05:42:38","guid":{"rendered":"https:\/\/cjimoz.org\/news\/?p=2716"},"modified":"2021-12-14T07:42:38","modified_gmt":"2021-12-14T05:42:38","slug":"fugitivos-de-kigali-temem-presenca-de-soldados-ruandeses-em-mocambique","status":"publish","type":"post","link":"https:\/\/cjimoz.org.mz\/news\/en\/fugitivos-de-kigali-temem-presenca-de-soldados-ruandeses-em-mocambique\/","title":{"rendered":"Fugitivos de Kigali temem presen\u00e7a de soldados ruandeses em Mo\u00e7ambique"},"content":{"rendered":"<p><img fetchpriority=\"high\" decoding=\"async\" class=\"alignnone size-full wp-image-2717\" src=\"https:\/\/cjimoz.org\/news\/wp-content\/uploads\/2021\/12\/IMG_0081.jpg\" alt=\"\" width=\"5184\" height=\"3456\" \/><\/p>\n<p>&nbsp;<\/p>\n<p>Luis Nhachote<\/p>\n<p>Cada 25 de Setembro Mo\u00e7ambique celebra as suas for\u00e7as armadas. 25 de Setembro foi o dia no qual, em 1964, come\u00e7ou a insurrei\u00e7\u00e3o armada contra o colonialismo portugu\u00eas, quando foi dado o primeiro tiro na vila do Chai, no distrito de Macomia, na prov\u00edncia de Cabo Delgado.<\/p>\n<p>Todavia, este ano, as honras foram partilhadas com as for\u00e7as armadas do Ruanda \u2013 cujo presidente, Paul Kagame, foi recebido com direito a tapete vermelho quando chegou \u00e0 Pemba, capital de Cabo Delgado, um dia antes. Hoje Cabo Delgado \u00e9 palco de uma outra insurrei\u00e7\u00e3o armada, e as For\u00e7as de Defesa do Ruanda est\u00e3o a ajudar o governo de Mo\u00e7ambique a tentar p\u00f4r cobro \u00e0 mesma.<\/p>\n<p>Kagame enviou mil soldados e pol\u00edcias para combater a insurrei\u00e7\u00e3o Islamita muito antes de que a SADC (Comunidade do Desenvolvimento dos Pa\u00edses da \u00c1frica Austral) consiguisse mobilizar a sua pr\u00f3pria miss\u00e3o militar \u00e0 Mo\u00e7ambique.<\/p>\n<p>At\u00e9 \u00e0 data, as for\u00e7as ruandesas t\u00eam tido grande sucesso \u2013 aparentemente mudando o curso da guerra \u00e0 favor do governo de Mo\u00e7ambique. Mas o ambiente de celebra\u00e7\u00e3o n\u00e3o \u00e9 partilhado pela comunidade ruandesa em Mo\u00e7ambique, que se estima em 4.300, cuja maioria reside em Maputo, a 2.440km de Pemba. A comunidade v\u00ea a aproxima\u00e7\u00e3o entre o Presidente Filipe Nyusi e Kagame com suspei\u00e7\u00e3o.<\/p>\n<p>O presidente da Associa\u00e7\u00e3o dos Ruandeses Refugiados em Mo\u00e7ambique, Cl\u00e9ophas Habiyaremwe, acredita que o fortalecimento dos la\u00e7os entre Kigali e Maputo \u00e9 impulsionado por um neg\u00f3cio suspeito atrav\u00e9s do qual Kagame ajuda a a reprimir a insurg\u00eancia sob o entendimento que os seus \u201cesquadr\u00f5es de morte de Kigali\u201d recebem cheque em branco para atingir os refugiados ruandeses sem impedimentos.<\/p>\n<p>Os receios dos refugiados n\u00e3o s\u00e3o sem fundamento: membros da comunidade j\u00e1 foram assassinados e raptados sem que as autoridades mo\u00e7ambicanas tenham resolvido os crimes.<\/p>\n<p>Um ros\u00e1rio de crimes violentos<\/p>\n<p>No dia 13 de Setembro de 2020, R\u00e9vocar Karemangingo, foi morto a 50 metros da sua casa em Maputo por dois desconhecidos que se puseram em fuga. Karemangingo foi tenente no ex\u00e9rcito ruand\u00eas que foi deposto pelas for\u00e7as de Kagame em 1994, que tinha-se tornado num homem de neg\u00f3cios em Mo\u00e7ambique, e vice-presidente da Associa\u00e7\u00e3o dos Ruandeses Refugiados em Mo\u00e7ambique.<\/p>\n<p>A 23 de Maio de 2020, alegados oficiais policiais mo\u00e7ambicanos raptaram o jornalista ruand\u00eas, Ntamuhanga Cassien, na ilha de Inhaca, a 38 kms da costa de Maputo. Alegadamente levaram-no a uma esquadra no bairro de Chamanculo, antes de entregarem-no ao Alto Comissariado do Ruanda em Maputo \u2013 embora n\u00e3o exista um tratado formal de extradi\u00e7\u00e3o entre Maputo e Kigali. Cassien nunca mais foi visto. O Alto Comissariado n\u00e3o respondeu \u00e0 uma solicita\u00e7\u00e3o para comentar.<\/p>\n<p>Cassien vivia em Mo\u00e7ambique h\u00e1 quatro anos, depois de ter escapado de uma pris\u00e3o ruandesa onde servia uma senten\u00e7a alegadamente por ter conspirado contra Kagame.<\/p>\n<p>Em Outubro 2012, o corpo sem vida de Th\u00e9og\u00e8ne Turatsinze, antigo presidente do Banco de Desenvolvimento Ruand\u00eas e na altura vice-reitor da Universidade de S\u00e3o Tom\u00e1s de Mo\u00e7ambique (USTM), foi encontrado amarrado e a flutuar no canal de Maputo. A \u00fatima vez que havia sido visto com vida fora na companhia de investidores estrangeiros num hotel onde os mesmos estavam hospedados. At\u00e9 hoje o crime ainda n\u00e3o foi resolvido.<\/p>\n<p>O nosso crime? \u00c9 termos nascido em Ruanda<\/p>\n<p>Falando ao The Continent no final de semana, Habiyaremwe disse que ver Kagame a ser recebido com honras de estado aumentou o medo dentro da comunidade refugiada ruandesa.<\/p>\n<p>Os dois pa\u00edses nunca se deram bem historicamente, mas em 2019, a Ruanda estabeleceu um alto comissariado em Mo\u00e7ambique. Para a consterna\u00e7\u00e3o dos refugiados e observadores internacionais, o primeiro alto comiss\u00e1rio indicado foi Claude Nikobisanzwe. Nikobisanzwe tinha antes diso um diplomata na \u00c1frica do Sul \u2013 mas foi expulso por suspei\u00e7\u00e3o de envolvimento no assassinato de um antigo chefe da intelig\u00eancia ruandesa, Patrick Karegeya, num hotel em Joanesburgo, em 2014. Karegeya tinha-se virado contra o regime de Kigali e se tornado num ac\u00e9rrimo cr\u00edtico de Paul Kagame.<\/p>\n<p>Habiyaremwe disse que a comunidade ruandesa em Mo\u00e7ambique n\u00e3o pode procurar ajuda no Alto Comissariado porque \u201cn\u00e3o temos qualquer relacionamento com a embaixada \u2013 ela serve o regime e n\u00e3o os interesses dos cidad\u00e3os ruandeses\u201d.<\/p>\n<p><img decoding=\"async\" class=\"alignnone size-full wp-image-2718\" src=\"https:\/\/cjimoz.org\/news\/wp-content\/uploads\/2021\/12\/Cleophas_Habiyareme.jpg\" alt=\"\" width=\"1140\" height=\"474\" \/><\/p>\n<p>Muitos ruandeses exilados em Mo\u00e7ambique registaram-se como burundeses ou cidad\u00e3os de outros pa\u00edses, disse Habiyaremwe. \u201cOficialmente, existem 4.300 refugiados (ruandeses) registados, mas creio que haja por volta de 10.000. eles escondem-se por detr\u00e1s de outras nacionalidades porque s\u00e3o perseguidos pelo regime de Kigali. O nosso \u00fanico crime \u00e9 de termos nascidos em Ruanda\u201d.<\/p>\n<p>Texto orginalmente publicado no <a href=\"https:\/\/mg.co.za\/thecontinent\/\" target=\"_blank\" rel=\"noopener\">The Continent\u00a0<\/a><\/p>","protected":false},"excerpt":{"rendered":"<p>&nbsp; Luis Nhachote Cada 25 de Setembro Mo\u00e7ambique celebra as suas for\u00e7as armadas. 25 de Setembro foi o dia no qual, em 1964, come\u00e7ou a insurrei\u00e7\u00e3o armada contra o colonialismo portugu\u00eas, quando foi dado o primeiro tiro na vila do Chai, no distrito de Macomia, na prov\u00edncia de Cabo Delgado. Todavia, este ano, as honras [&hellip;]<\/p>","protected":false},"author":1,"featured_media":2717,"comment_status":"open","ping_status":"open","sticky":false,"template":"","format":"standard","meta":{"footnotes":""},"categories":[273],"tags":[266],"rttpg_featured_image_url":{"full":["https:\/\/cjimoz.org.mz\/news\/wp-content\/uploads\/2021\/12\/IMG_0081.jpg",5184,3456,false],"landscape":["https:\/\/cjimoz.org.mz\/news\/wp-content\/uploads\/2021\/12\/IMG_0081.jpg",5184,3456,false],"portraits":["https:\/\/cjimoz.org.mz\/news\/wp-content\/uploads\/2021\/12\/IMG_0081.jpg",5184,3456,false],"thumbnail":["https:\/\/cjimoz.org.mz\/news\/wp-content\/uploads\/2021\/12\/IMG_0081-250x167.jpg",150,100,true],"medium":["https:\/\/cjimoz.org.mz\/news\/wp-content\/uploads\/2021\/12\/IMG_0081-400x267.jpg",300,200,true],"large":["https:\/\/cjimoz.org.mz\/news\/wp-content\/uploads\/2021\/12\/IMG_0081-650x433.jpg",650,433,true],"1536x1536":["https:\/\/cjimoz.org.mz\/news\/wp-content\/uploads\/2021\/12\/IMG_0081.jpg",1536,1024,false],"2048x2048":["https:\/\/cjimoz.org.mz\/news\/wp-content\/uploads\/2021\/12\/IMG_0081.jpg",2048,1365,false],"trp-custom-language-flag":["https:\/\/cjimoz.org.mz\/news\/wp-content\/uploads\/2021\/12\/IMG_0081.jpg",18,12,false],"post-thumbnail":["https:\/\/cjimoz.org.mz\/news\/wp-content\/uploads\/2021\/12\/IMG_0081-150x100.jpg",150,100,true],"retina2x":["https:\/\/cjimoz.org.mz\/news\/wp-content\/uploads\/2021\/12\/IMG_0081-800x533.jpg",800,533,true],"retina3x":["https:\/\/cjimoz.org.mz\/news\/wp-content\/uploads\/2021\/12\/IMG_0081-1200x800.jpg",1200,800,true],"retina4x":["https:\/\/cjimoz.org.mz\/news\/wp-content\/uploads\/2021\/12\/IMG_0081-1600x1067.jpg",1600,1067,true],"retina5x":["https:\/\/cjimoz.org.mz\/news\/wp-content\/uploads\/2021\/12\/IMG_0081-2000x1333.jpg",2000,1333,true],"retina6x":["https:\/\/cjimoz.org.mz\/news\/wp-content\/uploads\/2021\/12\/IMG_0081-2400x1600.jpg",2400,1600,true]},"rttpg_author":{"display_name":"Reda\u00e7\u00e3o CJIMOZ","author_link":"https:\/\/cjimoz.org.mz\/news\/en\/author\/hcuambe\/"},"rttpg_comment":0,"rttpg_category":"<a href=\"https:\/\/cjimoz.org.mz\/news\/en\/category\/direitos-humanos\/\" rel=\"category tag\">Direitos Humanos<\/a>","rttpg_excerpt":"&nbsp; Luis Nhachote Cada 25 de Setembro Mo\u00e7ambique celebra as suas for\u00e7as armadas. 25 de Setembro foi o dia no qual, em 1964, come\u00e7ou a insurrei\u00e7\u00e3o armada contra o colonialismo portugu\u00eas, quando foi dado o primeiro tiro na vila do Chai, no distrito de Macomia, na prov\u00edncia de Cabo Delgado. Todavia, este ano, as honras&hellip;","_links":{"self":[{"href":"https:\/\/cjimoz.org.mz\/news\/en\/wp-json\/wp\/v2\/posts\/2716"}],"collection":[{"href":"https:\/\/cjimoz.org.mz\/news\/en\/wp-json\/wp\/v2\/posts"}],"about":[{"href":"https:\/\/cjimoz.org.mz\/news\/en\/wp-json\/wp\/v2\/types\/post"}],"author":[{"embeddable":true,"href":"https:\/\/cjimoz.org.mz\/news\/en\/wp-json\/wp\/v2\/users\/1"}],"replies":[{"embeddable":true,"href":"https:\/\/cjimoz.org.mz\/news\/en\/wp-json\/wp\/v2\/comments?post=2716"}],"version-history":[{"count":1,"href":"https:\/\/cjimoz.org.mz\/news\/en\/wp-json\/wp\/v2\/posts\/2716\/revisions"}],"predecessor-version":[{"id":2719,"href":"https:\/\/cjimoz.org.mz\/news\/en\/wp-json\/wp\/v2\/posts\/2716\/revisions\/2719"}],"wp:featuredmedia":[{"embeddable":true,"href":"https:\/\/cjimoz.org.mz\/news\/en\/wp-json\/wp\/v2\/media\/2717"}],"wp:attachment":[{"href":"https:\/\/cjimoz.org.mz\/news\/en\/wp-json\/wp\/v2\/media?parent=2716"}],"wp:term":[{"taxonomy":"category","embeddable":true,"href":"https:\/\/cjimoz.org.mz\/news\/en\/wp-json\/wp\/v2\/categories?post=2716"},{"taxonomy":"post_tag","embeddable":true,"href":"https:\/\/cjimoz.org.mz\/news\/en\/wp-json\/wp\/v2\/tags?post=2716"}],"curies":[{"name":"wp","href":"https:\/\/api.w.org\/{rel}","templated":true}]}}