{"id":2769,"date":"2022-05-16T07:49:59","date_gmt":"2022-05-16T05:49:59","guid":{"rendered":"https:\/\/cjimoz.org\/news\/?p=2769"},"modified":"2022-05-16T07:49:59","modified_gmt":"2022-05-16T05:49:59","slug":"para-as-criancas-perdidas-de-cabo-delgado-voltar-a-escola-e-um-sonho-a-desvanecer","status":"publish","type":"post","link":"https:\/\/cjimoz.org.mz\/news\/en\/para-as-criancas-perdidas-de-cabo-delgado-voltar-a-escola-e-um-sonho-a-desvanecer\/","title":{"rendered":"Para as crian\u00e7as perdidas de Cabo Delgado, voltar \u00e0 escola \u00e9 um sonho a desvanecer"},"content":{"rendered":"<p>&nbsp;<\/p>\n<div id=\"attachment_2770\" style=\"width: 5194px\" class=\"wp-caption alignnone\"><img fetchpriority=\"high\" decoding=\"async\" aria-describedby=\"caption-attachment-2770\" class=\"wp-image-2770 size-full\" src=\"https:\/\/cjimoz.org\/news\/wp-content\/uploads\/2022\/05\/IMG_2760.jpg\" alt=\"\" width=\"5184\" height=\"3456\" \/><p id=\"caption-attachment-2770\" class=\"wp-caption-text\">Ivaldo Quincardete, the Provincial director of Education in Cabo Delgado during the an interview with Luis Nhachote<\/p><\/div>\n<p><strong><em>Na prov\u00edncia mo\u00e7ambicana de Cabo Delgado, afectada por conflicto armado,<\/em><\/strong><br \/>\n<strong><em>crian\u00e7as e jovens est\u00e3o a ser privadas de educa\u00e7\u00e3o pela insurg\u00eancia fundamentalista<\/em><\/strong><br \/>\n<strong><em>que come\u00e7ou em 2017.<\/em><\/strong><\/p>\n<p><strong>Luis Nhachote em Cabo Delgado<\/strong><\/p>\n<p>Abdul*, de 12 anos, frenquentava a quinta classe na\u00a0escola prim\u00e1ria da aldeia Nova Zamb\u00e9zia, em Macomia, quando os sons de disparos se\u00a0fizeram ouvir no campo de futebol.<br \/>\nNo meio do p\u00e1nico que se seguiu, Abdul encontrou a sua fam\u00edlia tamb\u00e9m em debandada,<br \/>\njuntando-se \u00e0 fuga sem diminuir a velocidade, que o carregou para um lugar seguro: mata<br \/>\nadentro. Actualmente, encontram-se na aldeia de Muaie, em Ancuabe, um distrito que<br \/>\ndista 100 km a sul da sua casa mas ainda em Cabo Delgado.<br \/>\nEsta regis\u00e3o ainda n\u00e3o foi visitada pelo conflicto, mas funciona como um ref\u00fagio para<br \/>\nmuitos dos que, como Abdul e sua fam\u00edlia, foram deslocados pela viol\u00eancia. Por ora,<br \/>\nAbdul est\u00e1 salvo mas deseja voltar \u00e0 escola.<br \/>\nEm Cabo Delgado, cerca de 300 escolas foram parcial ou completamente destruidas e 98<br \/>\nmil alunos ficaram sem qualquer perspectiva de brevemente continuarem os seus estudos.<br \/>\nSegundo dados oficiais, o conflicto deslocou 1.736 professores.<br \/>\nN\u00e3o \u00e9 nenhuma surpresa que a insurg\u00eancia tenha como alvo escolas \u2013 na relativamente<br \/>\nnegligenciada prov\u00edncia de Cabo Delgado, as escolas eram um dos poucos exemplos<br \/>\nsignificativos de infrastrutura estatal. Ademais, uma das poucas exig\u00eancias que a<br \/>\ninsurg\u00eancia articulou foi de que o povo de Cabo Delgado devia parar de enviar suas<br \/>\ncrian\u00e7as para escola. Em Palma \u2013 o distrito que acolhe o projecto multibilion\u00e1rio de g\u00e1s<br \/>\nque os insurgentes atacaram em Mar\u00e7o \u00faltimo, descambando na interven\u00e7\u00e3o militar<br \/>\nestrangeira \u2013 fugiram 7-500 alunos e 1.700 professores. Apenas 113 dos professors<br \/>\nregressaram, apesar da presen\u00e7a de tropas ruandesas, que correram com a ocupa\u00e7\u00e3o<br \/>\ninsurgente e restauraram a paz e controlo governamental do distrito. E s\u00f3 12 das 43<br \/>\nescolas do distrito reabriram.<br \/>\nEntretanto. Em Macomia, distrito natal de Abdul, apemas 13 das 54 escolas \u00e9 que<br \/>\nreabriram, mas ele e muios outros alunos n\u00e3o est\u00e3o prontos ou mesmo capazes de<br \/>\nregressar.<br \/>\nHeba, de nove anos, tamb\u00e9m fugiu de Macomia h\u00e1 tr\u00eas anos. Ela agora vive num centro<br \/>\npara pessoas internamente deslocadas em Montepuez, mais de 200 km a sul da aldeia que<br \/>\nsua fam\u00edlia chama de casa.<\/p>\n<h2><strong>Heba frequentava a quinta classe quando teve que interromper as aulas. O\u00a0<\/strong><strong>seu sonho \u00e9 de ser uma m\u00e9dica para \u201ccurar as pessoas\u201d, mas est\u00e1 em banho<\/strong><br \/>\n<strong>maria porque, segundo ela, \u201cAl Shabab destruiu tudo\u201d.<\/strong><\/h2>\n<h4>\n<strong>Ela tamb\u00e9m estava na quinta classe quando a insurg\u00eancia virou a sua vida. O seu sonho \u00e9\u00a0de ser uma m\u00e9dica \u201cpara ajudar a curar as pessoas\u201d \u2013 mas em Cabo Delgado tais sonhos\u00a0est\u00e3o em banho maria. \u201cAl Shabab destruiu tudo\u201d, disse.<\/strong><br \/>\n<strong>Tamb\u00e9m em Montepuez vive Karima, de 14 anos, proveniente da vila de Chinde,<\/strong><br \/>\n<strong>pr\u00f3ximo \u00e0 Awasse, uma vila num entroncamento chave que foi contestado com unhas e<\/strong><br \/>\n<strong>dentes pelos insurgentes e for\u00e7as governamentais. Um dia, Karima e sua fam\u00edlia ouviram\u00a0tiros e fugiram para a mata, onde se esconderam durante dois meses. \u201cN\u00e3o levei nada\u00a0comigo,\u201d disse. \u201cNenhuma roupa, nenhum livro\u201d.<\/strong><br \/>\n<strong>Eventualmente, a sua fam\u00edlia chegou \u00e0 Montepuez. Mas ela deseja voltar \u00e0 escola para<\/strong><br \/>\n<strong>\u201cser algu\u00e9m\u201d, disse.<\/strong><\/h4>\n<h4>\nAprender debaixo das \u00e1rvores<\/h4>\n<p>Para aquelas crian\u00e7as que podem ir para escola em Cabo Delgado, muitas estudam ao ar<br \/>\nlivre. O n\u00famero de aulas ao ar livre cresceu em 15 porcento em 2021, de 777 em 2020<br \/>\npara 893 em 2021, o director provincial da educa\u00e7\u00e3o, Ivaldo Quincardete, disse ao The<br \/>\nContinent, numa entrevista in Pemba.<br \/>\nQuando Quincardete se apercebeu que o The Continent \u00eda tamb\u00e9m visitar a beb\u00e9 Awa,<br \/>\nque nasceu num barco que trazia a sua m\u00e3e para a relativa paz de Pemba, ele disse que a<br \/>\nsua direc\u00e7\u00e3o queria oferec\u00ea-la uma bolsa. O The Continent reportou a est\u00f3ria da beb\u00e9<br \/>\nAwa h\u00e1 dois anos. Ela e a m\u00e3e vivem agora no bairro de Paquitiquete, onde os deslocados<br \/>\nforam acolhidos.<br \/>\nPara Awa, ao menos lhe aguarda alguma educa\u00e7\u00e3o \u2013 mas as autoridades ainda t\u00eam muito<br \/>\na fazer para reconstruir a infrastrutura educacional de Cabo Delgado.<br \/>\nE regressaram \u00e0 sua aldeia natal de Pangane, que deixaram em Outubro de 2020, \u00e9 ainda<br \/>\num sonho distante. \uf06e<\/p>\n<p>*Todos os nomes das crian\u00e7as entrevistadas para esta est\u00f3ria foram mudados. Os\u00a0seus nomes reais s\u00e3o conhecidos pelo The <a href=\"https:\/\/www.thecontinent.org\" target=\"_blank\" rel=\"noopener\">Continent.<\/a><\/p>","protected":false},"excerpt":{"rendered":"<p>&nbsp; Na prov\u00edncia mo\u00e7ambicana de Cabo Delgado, afectada por conflicto armado, crian\u00e7as e jovens est\u00e3o a ser privadas de educa\u00e7\u00e3o pela insurg\u00eancia fundamentalista que come\u00e7ou em 2017. Luis Nhachote em Cabo Delgado Abdul*, de 12 anos, frenquentava a quinta classe na\u00a0escola prim\u00e1ria da aldeia Nova Zamb\u00e9zia, em Macomia, quando os sons de disparos se\u00a0fizeram ouvir [&hellip;]<\/p>","protected":false},"author":1,"featured_media":2770,"comment_status":"open","ping_status":"open","sticky":false,"template":"","format":"standard","meta":{"footnotes":""},"categories":[273],"tags":[266],"rttpg_featured_image_url":{"full":["https:\/\/cjimoz.org.mz\/news\/wp-content\/uploads\/2022\/05\/IMG_2760.jpg",5184,3456,false],"landscape":["https:\/\/cjimoz.org.mz\/news\/wp-content\/uploads\/2022\/05\/IMG_2760.jpg",5184,3456,false],"portraits":["https:\/\/cjimoz.org.mz\/news\/wp-content\/uploads\/2022\/05\/IMG_2760.jpg",5184,3456,false],"thumbnail":["https:\/\/cjimoz.org.mz\/news\/wp-content\/uploads\/2022\/05\/IMG_2760-250x167.jpg",150,100,true],"medium":["https:\/\/cjimoz.org.mz\/news\/wp-content\/uploads\/2022\/05\/IMG_2760-400x267.jpg",300,200,true],"large":["https:\/\/cjimoz.org.mz\/news\/wp-content\/uploads\/2022\/05\/IMG_2760-650x433.jpg",650,433,true],"1536x1536":["https:\/\/cjimoz.org.mz\/news\/wp-content\/uploads\/2022\/05\/IMG_2760.jpg",1536,1024,false],"2048x2048":["https:\/\/cjimoz.org.mz\/news\/wp-content\/uploads\/2022\/05\/IMG_2760.jpg",2048,1365,false],"trp-custom-language-flag":["https:\/\/cjimoz.org.mz\/news\/wp-content\/uploads\/2022\/05\/IMG_2760.jpg",18,12,false],"post-thumbnail":["https:\/\/cjimoz.org.mz\/news\/wp-content\/uploads\/2022\/05\/IMG_2760-150x100.jpg",150,100,true],"retina2x":["https:\/\/cjimoz.org.mz\/news\/wp-content\/uploads\/2022\/05\/IMG_2760-800x533.jpg",800,533,true],"retina3x":["https:\/\/cjimoz.org.mz\/news\/wp-content\/uploads\/2022\/05\/IMG_2760-1200x800.jpg",1200,800,true],"retina4x":["https:\/\/cjimoz.org.mz\/news\/wp-content\/uploads\/2022\/05\/IMG_2760-1600x1067.jpg",1600,1067,true],"retina5x":["https:\/\/cjimoz.org.mz\/news\/wp-content\/uploads\/2022\/05\/IMG_2760-2000x1333.jpg",2000,1333,true],"retina6x":["https:\/\/cjimoz.org.mz\/news\/wp-content\/uploads\/2022\/05\/IMG_2760-2400x1600.jpg",2400,1600,true]},"rttpg_author":{"display_name":"Reda\u00e7\u00e3o CJIMOZ","author_link":"https:\/\/cjimoz.org.mz\/news\/en\/author\/hcuambe\/"},"rttpg_comment":0,"rttpg_category":"<a href=\"https:\/\/cjimoz.org.mz\/news\/en\/category\/direitos-humanos\/\" rel=\"category tag\">Direitos Humanos<\/a>","rttpg_excerpt":"&nbsp; Na prov\u00edncia mo\u00e7ambicana de Cabo Delgado, afectada por conflicto armado, crian\u00e7as e jovens est\u00e3o a ser privadas de educa\u00e7\u00e3o pela insurg\u00eancia fundamentalista que come\u00e7ou em 2017. Luis Nhachote em Cabo Delgado Abdul*, de 12 anos, frenquentava a quinta classe na\u00a0escola prim\u00e1ria da aldeia Nova Zamb\u00e9zia, em Macomia, quando os sons de disparos se\u00a0fizeram ouvir&hellip;","_links":{"self":[{"href":"https:\/\/cjimoz.org.mz\/news\/en\/wp-json\/wp\/v2\/posts\/2769"}],"collection":[{"href":"https:\/\/cjimoz.org.mz\/news\/en\/wp-json\/wp\/v2\/posts"}],"about":[{"href":"https:\/\/cjimoz.org.mz\/news\/en\/wp-json\/wp\/v2\/types\/post"}],"author":[{"embeddable":true,"href":"https:\/\/cjimoz.org.mz\/news\/en\/wp-json\/wp\/v2\/users\/1"}],"replies":[{"embeddable":true,"href":"https:\/\/cjimoz.org.mz\/news\/en\/wp-json\/wp\/v2\/comments?post=2769"}],"version-history":[{"count":1,"href":"https:\/\/cjimoz.org.mz\/news\/en\/wp-json\/wp\/v2\/posts\/2769\/revisions"}],"predecessor-version":[{"id":2771,"href":"https:\/\/cjimoz.org.mz\/news\/en\/wp-json\/wp\/v2\/posts\/2769\/revisions\/2771"}],"wp:featuredmedia":[{"embeddable":true,"href":"https:\/\/cjimoz.org.mz\/news\/en\/wp-json\/wp\/v2\/media\/2770"}],"wp:attachment":[{"href":"https:\/\/cjimoz.org.mz\/news\/en\/wp-json\/wp\/v2\/media?parent=2769"}],"wp:term":[{"taxonomy":"category","embeddable":true,"href":"https:\/\/cjimoz.org.mz\/news\/en\/wp-json\/wp\/v2\/categories?post=2769"},{"taxonomy":"post_tag","embeddable":true,"href":"https:\/\/cjimoz.org.mz\/news\/en\/wp-json\/wp\/v2\/tags?post=2769"}],"curies":[{"name":"wp","href":"https:\/\/api.w.org\/{rel}","templated":true}]}}