{"id":2793,"date":"2022-10-05T09:23:55","date_gmt":"2022-10-05T07:23:55","guid":{"rendered":"https:\/\/cjimoz.org\/news\/?p=2793"},"modified":"2022-10-05T09:24:26","modified_gmt":"2022-10-05T07:24:26","slug":"cabo-delgado-2017-2022-um-quinquenio-de-terror","status":"publish","type":"post","link":"https:\/\/cjimoz.org.mz\/news\/en\/cabo-delgado-2017-2022-um-quinquenio-de-terror\/","title":{"rendered":"Cabo Delgado 2017-2022: Um Quinqu\u00e9nio de Terror"},"content":{"rendered":"<p><img fetchpriority=\"high\" decoding=\"async\" class=\"alignnone size-full wp-image-2795\" src=\"https:\/\/cjimoz.org\/news\/wp-content\/uploads\/2022\/10\/595c696b-ccad-404a-a9ae-e013d585e2dc.jpg\" alt=\"\" width=\"1024\" height=\"946\" \/><\/p>\n<p>&nbsp;<\/p>\n<p class=\"p1\"><b>Por <\/b>Rep\u00f3rteres <b>CJI<span class=\"Apple-converted-space\">\u00a0<\/span><\/b><\/p>\n<p class=\"p1\"><b>A hist\u00f3ria contempor\u00e2nea regista as datas e os eventos para melhor compreens\u00e3o dos fen\u00f3menos, actores e suas motiva\u00e7\u00f5es naquilo que o poeta mo\u00e7ambicano, Heliodoro Baptista escreveu: <i>\u201cSaber\u00e1s que para haver hist\u00f3ria\/os homens mataram e morreram\/ morreram e mataram\u2019.<\/i><\/b><\/p>\n<p class=\"p1\"><b>O dia 05 de Outubro <i>\u00e9<\/i> definitivamente uma dessas datas de que muito poucos querem guardar mem\u00f3rias.<span class=\"Apple-converted-space\">\u00a0<\/span><\/b><\/p>\n<p class=\"p1\"><b>Em 2017, num dia como hoje, \u201cum grupo de mi\u00fados\u201d da Moc\u00edmboa da Praia e arredores, supostamente sob comando de Bonomado Machude Omar, ex-fuzileiro naval mo\u00e7ambicano, come\u00e7ou a senda do terror na Moc\u00edmboa da Praia, Cabo Delgado, seu ber\u00e7o natal.<\/b><\/p>\n<p class=\"p1\"><b>As marcas mais violentas dessa estranha e injusta guerra dilaceram com impacto os distritos de Moc\u00edmboa da Praia, Palma, Quissanga, Macomia e Muidumbe, cinco dos dezassete distritos de Cabo Delgado, e estatisticamente, doze distritos j\u00e1 foram tingidos com o selo da barb\u00e1rie. Em termos matem\u00e1ticos mais de sessenta por cento da prov\u00edncia.<span class=\"Apple-converted-space\">\u00a0<\/span><\/b><\/p>\n<p class=\"p1\"><b>O combate ao extremismo violento que aterroriza Cabo Delgado a um quinqu\u00e9nio, levou, em finais de Junho passado, ao assalto `a Base Kathupa em ac\u00e7\u00e3o conjunta do ex\u00e9rcito governamental, SAMIM e tropas do Rwanda. Oficialmente, a base era o at\u00e9 ent\u00e3o o \u00faltimo basti\u00e3o dos jihadistas<i> locais<\/i> (tamb\u00e9m chamados insurgentes ou localmente de ma\u2019Shababos).<i><span class=\"Apple-converted-space\">\u00a0<\/span><\/i><\/b><\/p>\n<p class=\"p1\"><b>Siri 1 e Siri 2 foram outras das principais bases destru\u00eddas e ocupadas pela coliga\u00e7\u00e3o militar que combate os terroristas em finais do ano passado.<\/b><\/p>\n<p class=\"p1\"><b>O Centro de Jornalismo Investigativo (CJI) apurou que foi para Base Khatupa, no distrito de Chi\u00fare, sul da prov\u00edncia, que Bonomado Machude Omar se abalou acompanhado dos seus homens depois da contra-ofensiva governamental que culminou com a recupera\u00e7\u00e3o de Moc\u00edmboa da Praia (que esteve 11 meses sob controlo terrorista), a tomada das bases Siri 1 e Siri 2 a sul de Moc\u00edmboa.<span class=\"Apple-converted-space\">\u00a0<\/span><\/b><\/p>\n<p class=\"p1\"><span class=\"s1\">A<\/span><b> tomada da Base Kathupa foi anunciada pelo Presidente da Republica e Comandante em Chefe das Forcas de Defesa e Seguran\u00e7a (FDS) a 14 de Junho disse: \u201cA base fica naquela zona de mata densa, e grande e os insurgentes tinham la a base central e sub-bases, e na base central e la onde estava o comandante deles o Bonomado Omar e Marina\u201d. A declara\u00e7\u00e3o do Presidente Nyusi pode se ouvir<\/b><\/p>\n<!--[if lt IE 9]><script>document.createElement('audio');<\/script><![endif]-->\n<audio class=\"wp-audio-shortcode\" id=\"audio-2793-1\" preload=\"none\" style=\"width: 100%;\" controls=\"controls\"><source type=\"audio\/mpeg\" src=\"https:\/\/cjimoz.org\/news\/wp-content\/uploads\/2022\/10\/nyusi-vitoria-dia-DA-BASE.mp3?_=1\" \/><a href=\"https:\/\/cjimoz.org\/news\/wp-content\/uploads\/2022\/10\/nyusi-vitoria-dia-DA-BASE.mp3\" target=\"_blank\" rel=\"noopener\">https:\/\/cjimoz.org\/news\/wp-content\/uploads\/2022\/10\/nyusi-vitoria-dia-DA-BASE.mp3<\/a><\/audio>\n<p class=\"p1\"><b>Bonomado no Quivu?<span class=\"Apple-converted-space\">\u00a0<\/span><\/b><\/p>\n<p class=\"p1\"><b>O CJI j\u00e1 descreveu o <a href=\"https:\/\/cjimoz.org\/news\/o-homem-mais-procurado-de-mocambique\/\" target=\"_blank\" rel=\"noopener\">perfil<\/a> deste jovem natural de Moc\u00edmboa da Praia a quem as autoridades mo\u00e7ambicanas querem \u201cvivo ou morto\u201d depois de identificado como l\u00edder m\u00e1ximo dos terroristas que provocam o terror em Cabo Delgado desde 5 de Outubro de 2015.<\/b><\/p>\n<p class=\"p1\"><b>O arrojado ataque `a Vila de Palma, poucos quil\u00f3metros do cora\u00e7\u00e3o da gigantesca opera\u00e7\u00e3o de explora\u00e7\u00e3o de g\u00e1s na Pen\u00ednsula de Afungi, levou a multinacional francesa Total Energies a suspender as suas opera\u00e7\u00f5es evocando \u201cforce majeure\u201d. O Departamento de Estado norte-americano atrav\u00e9s dos seus servi\u00e7os de intelig\u00eancia, identificaram Bonomado como a figura que comandou o ataque e o colocou na sua lista de \u201cterroristas globais\u201d.<\/b><\/p>\n<p class=\"p1\"><b>Fontes do CJI em Nairobi, acreditam que entre finais de Junho e in\u00edcios de Julho, Bonomado tenha participado num importante encontro do ISCAP no Kivu Norte, regi\u00e3o da Rep\u00fablica Democr\u00e1tica do Congo sob dom\u00ednio de grupos terroristas como a ADF. <\/b><\/p>\n<p class=\"p1\"><b>No alegado evento, a fonte devidamente identificada pelo CJI, disse que \u201cter\u00e3o chovido duras cr\u00edticas ao modus operandi do bra\u00e7o do ISCAP em Mo\u00e7ambique pela carnificina que j\u00e1 deveria ter cessado. A instru\u00e7\u00e3o e de que nas zonas sobre sua influencia parem de matar civis e passem a cobrar taxas a quem queira viver nessas \u00e1reas\u201d.<span class=\"Apple-converted-space\">\u00a0<\/span><\/b><\/p>\n<p class=\"p1\"><b>H\u00e1 semanas as autoridades encetaram buscas no populoso bairro de Paquitiquete a procura do rastro de Bonomado ap\u00f3s informa\u00e7\u00f5es <\/b>que <b>indica<\/b>vam <b>que duas das suas quatro esposas estariam alojadas algures nos arredores de Pemba. O CJI sabe tamb\u00e9m que a Procuradoria Provincial de Cabo Delgado esteve em alerta total ap\u00f3s ter informa\u00e7\u00f5es de que cerca de 50 Jihadistas estariam na cidade de Pemba.<span class=\"Apple-converted-space\">\u00a0<\/span><\/b><\/p>\n<p>&nbsp;<\/p>\n<p><img decoding=\"async\" class=\"alignnone size-full wp-image-2797\" src=\"https:\/\/cjimoz.org\/news\/wp-content\/uploads\/2022\/10\/ff7e9899-cafb-4410-8a35-8a1ea1201cc1.jpg\" alt=\"\" width=\"768\" height=\"1024\" \/><\/p>\n<p class=\"p1\"><b>Abdala Likonga<\/b><\/p>\n<p class=\"p3\">Fontes do CJI garantem que Abdala Likonga um dos l\u00edderes dos terroristas que actuam em Cabo Delgado desde o primeiro ataque, tem sido visto com alguma frequ\u00eancia entre os distritos de Macomia, Moc\u00edmboa da Praia e Mueda.<span class=\"Apple-converted-space\">\u00a0<\/span><\/p>\n<p class=\"p3\">Alegadamente, segundo as nossas fontes, Abdala tem estado nos seus estabelecimentos comerciais a fazer normalmente seus neg\u00f3cios e ainda a recrutar jovens para o terrorismo. Pese embora, as not\u00edcias d\u00eaem conta de uma ligeira calmia nos ataques, os terroristas est\u00e3o a atacar de forma inteligente e silenciosa e a recrutar mais jovens principalmente do sexo feminino, e a treinar mais terroristas dentro e fora de Mo\u00e7ambique.<\/p>\n<p class=\"p1\">As fontes afirmam ainda, que Likonga tem feito publica\u00e7\u00f5es de fotos recentes nas redes sociais, na sua conta de Facebook. Entretanto, Abdala Likonga e descrito como quem deu o \u201cprimeiro tiro\u201d no dia 5 de Outubro de 2017, e \u00e9 respons\u00e1vel pelo recrutamento de v\u00e1rios jovens envolvidos no terrorismo incluindo Dardai Djongo e Ibn Omar.<\/p>\n<p class=\"p1\"><span class=\"s1\"><b>Os Espi\u00f5es de Ibn Omar<\/b><\/span><\/p>\n<p class=\"p1\">Noutros desenvolvimentos as fontes revelam ainda, que Bonomar Machude Omar ou seja Ibn Omar, tem espi\u00f5es infiltrados no seio da comunidade de deslocados e em todos os Centros de Acolhimento aos deslocados em Cabo Delgado, Niassa e Nampula. O medo nos deslocados, faz com que estes prefiram conviver com estes espi\u00f5es do que perder a sua vida conforme as amea\u00e7as feitas nesse sentido.<\/p>\n<p class=\"p1\">Uma hist\u00f3ria narrada por um sobrevivente aos ataques no Niassa no m\u00eas de Fevereiro: \u201celes t\u00eam pessoas do seu grupo nos deslocados. T\u00eam pessoas nas aldeias que os informam tudo o que se passa nas aldeias. Um dia um jovem terrorista, mascarado disse a n\u00f3s, ou se juntam a nossa causa ou morrem nas nossas m\u00e3os. Cerca de 50 pessoas do sexo masculino foram levadas. Fomos amea\u00e7ados para n\u00e3o denunciar\u201d. O medo da morte cala estas pessoas que sofrem todos dias em Cabo Delgado, Niassa e agora em Nampula. <span class=\"s2\">\u201c<\/span><\/p>\n<p class=\"p1\">\u201cEstamos calados por causa do medo e n\u00e3o temos confian\u00e7a da nossa tropa. Estes bandidos t\u00eam infiltrados nas FDS, n\u00e3o temos como provar isso, porque s\u00e3o coisas que apenas vivemos e sentimos, coisas que temos visto quando estamos a correr e a chorar. Se pud\u00e9ssemos sair deste pa\u00eds, sair\u00edamos, deixar\u00edamos o governo e os terroristas a se matarem. Porque n\u00f3s aqui no Niassa por exemplo, n\u00e3o sabemos as causas desta guerra. Mas o governo sabe. Por isso omite muitas coisas. Est\u00e1 luta n\u00e3o \u00e9 do povo. Nos simplesmente estamos a morrer. Somos mortos sem termos feito nada\u201d. Disse a fonte.<\/p>\n<p class=\"p1\"><span class=\"s1\"><b>Frente do Niassa<\/b><\/span><\/p>\n<p class=\"p1\">Entretanto, fontes an\u00f3nimas da cidade de Lichinga afirmam ainda que, h\u00e1 circula\u00e7\u00e3o de terroristas estrangeiros disfar\u00e7ados de comerciantes. Como \u00e9 o caso da zona do Mercado Central. \u201cExistem v\u00e1rias pessoas da Som\u00e1lia, Nig\u00e9ria, Uganda, Congo, Tanz\u00e2nia, Qu\u00e9nia, etc., disfar\u00e7ados de comerciantes que favorecem os terroristas. Eles t\u00eam bombas de combust\u00edvel, mercearias, e lojas. Tudo em benef\u00edcio ao terrorismo.\u201d<\/p>\n<p class=\"p1\">Eles circulam dentro e fora do pa\u00eds. N\u00f3s conhecemos e n\u00e3o podemos indicar por conta do medo. Eles traficam marfim, dentes de le\u00e3o e outras riquezas que a prov\u00edncia do Niassa disp\u00f5e\u201d disse a fonte em tom de desabafo.<\/p>\n<p>\u201cA fonte, acrescentou ainda que \u201cos Somalis de que me refiro t\u00eam algumas bombas de combust\u00edveis que eles acabam de comprar aqui em Niassa e sustentam a guerra em Cabo Delgado. Aqui em Niassa \u00e9 uma das bases log\u00edsticas dos Al Shabaab. Veja essas bombas de gasolina: Global Petr\u00f3leo, Sky Petr\u00f3leo, e Mera. Onde uma esta em Cuamba e as outras 5 na cidade de Lichinga, a ultima bomba deles compraram de Sul-africanos apouco tempo, est\u00e3o localizadas no bairro Sanjala, e neste momento em constru\u00e7\u00e3o.\u201d<\/p>\n<p class=\"p1\"><b>O que diz o governo provincial?<\/b><\/p>\n<p class=\"p1\">De acordo com algumas fontes, o governo local sempre foi notificado pelas popula\u00e7\u00f5es da exist\u00eancia de grupos de jovens estranhos no Niassa. A informa\u00e7\u00e3o foi desleixada pelas autoridades porque nada foi feito apesar das den\u00fancias. Mesmo ap\u00f3s os ataques em Cabo Delgado, a popula\u00e7\u00e3o sempre esteve atenta e denunciou os jovens estranhos e sem sucesso. \u201c N\u00f3s sempre denunciamos estes jovens, porque desconfiamos desde 2004 a exist\u00eancia de pessoas estranhas, mesquitas estranhas, enfim. Estamos assim agora\u201d rematou.<\/p>\n<p class=\"p1\">\u201cN\u00e3o \u00e9 que o governo n\u00e3o tenha conhecimento desde o in\u00edcio. A nossa prov\u00edncia ficou cheia de pessoas estranhas, principalmente estrangeiros desde o ano 2007. \u00c9 sabido que a partir de Balama, Cabo Delgado, chega-se a Niassa. Isto sempre foi corredor dos terroristas por conta disto. Niassa \u00e9 uma prov\u00edncia grande com poucos distritos. As nossas matas s\u00e3o vastas\u201d acrescentou.<\/p>\n<p class=\"p1\">Na \u00e9poca que o terrorismo come\u00e7ou em Cabo Delgado, tivemos alguns casos semelhantes aos ataques aqui. N\u00e3o se levou em considera\u00e7\u00e3o, n\u00e3o se investigou se os terroristas \u00e9 quem protagonizavam alguns ataques por desconhecidos aqui na prov\u00edncia ou n\u00e3o, simplesmente limitaram-se a dizer que \u201cs\u00e3o desconhecidos\u201d. N\u00e3o houve preparo e nem refor\u00e7o por parte da seguran\u00e7a e prote\u00e7\u00e3o da popula\u00e7\u00e3o. Consequ\u00eancias s\u00e3o as que actualmente estamos a vivenciar\u201d disse a fonte.<\/p>\n<p class=\"p5\">Ainda a Inc\u00f3gnita<\/p>\n<p class=\"p3\">Entretanto, desde o quinto dia do m\u00eas de Outubro do ano de 2017, a prov\u00edncia de Cabo Delgado, distrito de Moc\u00edmboa da Praia, vem vivenciando ataques terroristas. Este grupo j\u00e1 teve v\u00e1rios nomes atribu\u00eddos, uma vez que a sua identidade real sempre foi um mist\u00e9rio. J\u00e1 foram chamados de marginais, jovens revoltados desempregados e esfomeados, bandidos armados, insurgentes at\u00e9 ent\u00e3o que ficou claro que trata-se de um grupo extremista cujos objectivos ainda s\u00e3o desconhecido. Estes s\u00e3o os ma\u2019Shababos ou apenas terroristas. Ainda n\u00e3o h\u00e1 certeza de que lado estes favorecem. No in\u00edcio, n\u00e3o matavam a popula\u00e7\u00e3o apenas policias, militares e funcion\u00e1rios do Estado e destru\u00edam infraestruturas publicas. Mais tarde grupo passou a matar tudo e todos e a destruir tudo quanto v\u00eam `a sua frente.<\/p>\n<p class=\"p3\">O CJI percorreu toda estrada n\u00famero e obteve alguns dados a analisar. A nossa equipa de reportagem dirigiu-se \u00e0 prov\u00edncia do Niassa onde apurou de fontes seguras, que no mercado Central de Lichinga, Niassa, um dos meios de angaria\u00e7\u00e3o de fundos para os terroristas s\u00e3o alegados comerciantes terroristas, por exemplo, eles t\u00eam lojas pr\u00f3ximo ao Hotel Singela, nesse lado existe um armaz\u00e9m-ferragem cujo propriet\u00e1rio \u00e9 parte do grupo terrorista. Tentamos sem sucesso contactar o acusado.<\/p>\n<p class=\"p3\">De seguida a fonte afirmou ainda que no distrito de Mandimba tamb\u00e9m existem tamb\u00e9m apoiantes, conforme relatos. \u201cOlha, s\u00e3o muitos membros do Al Shabaab, est\u00e3o la em Ch\u00f3kwe, Caia, mandaram fazer take way at\u00e9 no rio Save. E eles fazem da seguinte forma, s\u00e3o rotativos, trabalham 2 anos saem e v\u00eaem outros. Para onde v\u00e3o os outros? Ser\u00e1 que regressam as suas terras de origem? Est\u00e3o l\u00e1 desde a \u00e9poca em que o pa\u00eds se mostrou com ind\u00edcios de terrorismo, entre 2000 a 2002. Isto n\u00e3o \u00e9 coisa de hoje. Veja bem as transportadoras. Tudo para sustentar a guerra\u201d disse a fonte. Para nossa confirma\u00e7\u00e3o<span class=\"Apple-converted-space\">\u00a0<\/span><\/p>\n<p class=\"p3\">Uma fonte, nativa de Caia, disse ao CJI ser importante averiguar os take way existentes naquela regi\u00e3o. Caia \u00e9 uma vila bem colocada no centro de Mo\u00e7ambique nas margens do Zambeze pr\u00f3ximo da ponte que liga o Norte e o Centro do pais.<span class=\"Apple-converted-space\">\u00a0<\/span><\/p>\n<p class=\"p3\">A fonte, acrescentou ainda que \u201cos Somalis de que me refiro t\u00eam algumas bombas de combust\u00edveis que eles acabam de comprar aqui em Niassa e sustentam a guerra em Cabo Delgado. Aqui em Niassa \u00e9 uma das bases log\u00edsticas dos Al Shabaab. Veja essas bombas de gasolina: Global Petr\u00f3leo, Sky Petr\u00f3leo, e Mera. Onde uma esta em Cuamba e as outras 5 na cidade de Lichinga, a ultima bomba deles compraram de Sul-africanos apouco tempo, est\u00e3o localizadas no bairro Sanjala, e neste momento em constru\u00e7\u00e3o.\u201d<\/p>\n<p class=\"p3\">A fonte acrescentou existirem v\u00e1rios membros do Al Shabaab na prov\u00edncia do Niassa em particular na cidade de Lichinga. O rep\u00f3rter do CJI pode visitar alguns destes lugares mas n\u00e3o logrou sucesso em entrevistar algumas destas pessoas acusadas de participar no terrorismo.<\/p>\n<p class=\"p8\"><span class=\"s1\"><b>Quo Vadis?<\/b><\/span><\/p>\n<p class=\"p3\">Apesar do triunfalismo oficial \u00e9 facto que a guerra do terror ainda faz vitimas e afecta mais regi\u00f5es na zona Norte do pais. Desde 7 de Setembro que a prov\u00edncia de Nampula e mais um dos palcos desta guerra.<span class=\"Apple-converted-space\">\u00a0<\/span><\/p>\n<p class=\"p1\">Milhares de mortos, quase um milh\u00e3o de deslocados, projecto econ\u00f3mico de g\u00e1s praticamente suspenso, e a inseguran\u00e7a a espalhar-se pelo pa\u00eds.<\/p>\n<p class=\"p1\">Entre trapalhices discursivas e exibicionismos gratuitos que denotam uma gritante falta de estrat\u00e9gia, este \u00e9 o rescaldo, por alto, de<span class=\"Apple-converted-space\">\u00a0 <\/span>quinqu\u00e9nio de terror de um grupo de mi\u00fados de Moc\u00edmboa da Praia apesar da musculatura verbal de pessoas do Estado autorizadas a falar acerca de um conflito que n\u00e3o se admite uma guerra mas que mata-se e tamb\u00e9m se morre.<\/p>","protected":false},"excerpt":{"rendered":"<p>&nbsp; Por Rep\u00f3rteres CJI\u00a0 A hist\u00f3ria contempor\u00e2nea regista as datas e os eventos para melhor compreens\u00e3o dos fen\u00f3menos, actores e suas motiva\u00e7\u00f5es naquilo que o poeta mo\u00e7ambicano, Heliodoro Baptista escreveu: \u201cSaber\u00e1s que para haver hist\u00f3ria\/os homens mataram e morreram\/ morreram e mataram\u2019. O dia 05 de Outubro \u00e9 definitivamente uma dessas datas de que muito [&hellip;]<\/p>","protected":false},"author":1,"featured_media":2795,"comment_status":"open","ping_status":"open","sticky":false,"template":"","format":"standard","meta":{"footnotes":""},"categories":[287],"tags":[266],"rttpg_featured_image_url":{"full":["https:\/\/cjimoz.org.mz\/news\/wp-content\/uploads\/2022\/10\/595c696b-ccad-404a-a9ae-e013d585e2dc.jpg",1024,946,false],"landscape":["https:\/\/cjimoz.org.mz\/news\/wp-content\/uploads\/2022\/10\/595c696b-ccad-404a-a9ae-e013d585e2dc.jpg",1024,946,false],"portraits":["https:\/\/cjimoz.org.mz\/news\/wp-content\/uploads\/2022\/10\/595c696b-ccad-404a-a9ae-e013d585e2dc.jpg",1024,946,false],"thumbnail":["https:\/\/cjimoz.org.mz\/news\/wp-content\/uploads\/2022\/10\/595c696b-ccad-404a-a9ae-e013d585e2dc-250x231.jpg",150,139,true],"medium":["https:\/\/cjimoz.org.mz\/news\/wp-content\/uploads\/2022\/10\/595c696b-ccad-404a-a9ae-e013d585e2dc-400x370.jpg",300,278,true],"large":["https:\/\/cjimoz.org.mz\/news\/wp-content\/uploads\/2022\/10\/595c696b-ccad-404a-a9ae-e013d585e2dc-650x600.jpg",650,600,true],"1536x1536":["https:\/\/cjimoz.org.mz\/news\/wp-content\/uploads\/2022\/10\/595c696b-ccad-404a-a9ae-e013d585e2dc.jpg",1024,946,false],"2048x2048":["https:\/\/cjimoz.org.mz\/news\/wp-content\/uploads\/2022\/10\/595c696b-ccad-404a-a9ae-e013d585e2dc.jpg",1024,946,false],"trp-custom-language-flag":["https:\/\/cjimoz.org.mz\/news\/wp-content\/uploads\/2022\/10\/595c696b-ccad-404a-a9ae-e013d585e2dc.jpg",13,12,false],"post-thumbnail":["https:\/\/cjimoz.org.mz\/news\/wp-content\/uploads\/2022\/10\/595c696b-ccad-404a-a9ae-e013d585e2dc-150x139.jpg",150,139,true],"retina2x":["https:\/\/cjimoz.org.mz\/news\/wp-content\/uploads\/2022\/10\/595c696b-ccad-404a-a9ae-e013d585e2dc-800x739.jpg",800,739,true],"retina3x":["https:\/\/cjimoz.org.mz\/news\/wp-content\/uploads\/2022\/10\/595c696b-ccad-404a-a9ae-e013d585e2dc.jpg",1024,946,false],"retina4x":["https:\/\/cjimoz.org.mz\/news\/wp-content\/uploads\/2022\/10\/595c696b-ccad-404a-a9ae-e013d585e2dc.jpg",1024,946,false],"retina5x":["https:\/\/cjimoz.org.mz\/news\/wp-content\/uploads\/2022\/10\/595c696b-ccad-404a-a9ae-e013d585e2dc.jpg",1024,946,false],"retina6x":["https:\/\/cjimoz.org.mz\/news\/wp-content\/uploads\/2022\/10\/595c696b-ccad-404a-a9ae-e013d585e2dc.jpg",1024,946,false]},"rttpg_author":{"display_name":"Reda\u00e7\u00e3o CJIMOZ","author_link":"https:\/\/cjimoz.org.mz\/news\/en\/author\/hcuambe\/"},"rttpg_comment":0,"rttpg_category":"<a href=\"https:\/\/cjimoz.org.mz\/news\/en\/category\/terrorismo\/\" rel=\"category tag\">Terrorismo<\/a>","rttpg_excerpt":"&nbsp; Por Rep\u00f3rteres CJI\u00a0 A hist\u00f3ria contempor\u00e2nea regista as datas e os eventos para melhor compreens\u00e3o dos fen\u00f3menos, actores e suas motiva\u00e7\u00f5es naquilo que o poeta mo\u00e7ambicano, Heliodoro Baptista escreveu: \u201cSaber\u00e1s que para haver hist\u00f3ria\/os homens mataram e morreram\/ morreram e mataram\u2019. O dia 05 de Outubro \u00e9 definitivamente uma dessas datas de que muito&hellip;","_links":{"self":[{"href":"https:\/\/cjimoz.org.mz\/news\/en\/wp-json\/wp\/v2\/posts\/2793"}],"collection":[{"href":"https:\/\/cjimoz.org.mz\/news\/en\/wp-json\/wp\/v2\/posts"}],"about":[{"href":"https:\/\/cjimoz.org.mz\/news\/en\/wp-json\/wp\/v2\/types\/post"}],"author":[{"embeddable":true,"href":"https:\/\/cjimoz.org.mz\/news\/en\/wp-json\/wp\/v2\/users\/1"}],"replies":[{"embeddable":true,"href":"https:\/\/cjimoz.org.mz\/news\/en\/wp-json\/wp\/v2\/comments?post=2793"}],"version-history":[{"count":1,"href":"https:\/\/cjimoz.org.mz\/news\/en\/wp-json\/wp\/v2\/posts\/2793\/revisions"}],"predecessor-version":[{"id":2798,"href":"https:\/\/cjimoz.org.mz\/news\/en\/wp-json\/wp\/v2\/posts\/2793\/revisions\/2798"}],"wp:featuredmedia":[{"embeddable":true,"href":"https:\/\/cjimoz.org.mz\/news\/en\/wp-json\/wp\/v2\/media\/2795"}],"wp:attachment":[{"href":"https:\/\/cjimoz.org.mz\/news\/en\/wp-json\/wp\/v2\/media?parent=2793"}],"wp:term":[{"taxonomy":"category","embeddable":true,"href":"https:\/\/cjimoz.org.mz\/news\/en\/wp-json\/wp\/v2\/categories?post=2793"},{"taxonomy":"post_tag","embeddable":true,"href":"https:\/\/cjimoz.org.mz\/news\/en\/wp-json\/wp\/v2\/tags?post=2793"}],"curies":[{"name":"wp","href":"https:\/\/api.w.org\/{rel}","templated":true}]}}