{"id":3365,"date":"2025-03-10T11:25:28","date_gmt":"2025-03-10T09:25:28","guid":{"rendered":"https:\/\/cjimoz.org.mz\/news\/?p=3365"},"modified":"2025-03-10T11:25:28","modified_gmt":"2025-03-10T09:25:28","slug":"fundacao-khanimambo-caridade-ou-turismo-de-luxo","status":"publish","type":"post","link":"https:\/\/cjimoz.org.mz\/news\/en\/fundacao-khanimambo-caridade-ou-turismo-de-luxo\/","title":{"rendered":"Funda\u00e7\u00e3o Khanimambo: Caridade ou Turismo de Luxo?"},"content":{"rendered":"<div>\n<p>Por Est\u00e1cio Valoi e Carlos Mhula<\/p>\n<p><strong>A nossa investiga\u00e7\u00e3o come\u00e7ou em 2024 na cidade de Maputo ap\u00f3s termos conhecimento de que na cidade de Xai-Xai, prov\u00edncia de Gaza em territ\u00f3rio mo\u00e7ambicano opera uma institui\u00e7\u00e3o denominada Funda\u00e7\u00e3o Khanimambo originalmente constitu\u00edda na Espanha com autoriza\u00e7\u00e3o do Minist\u00e9rio dos Neg\u00f3cios Estrangeiros e Coopera\u00e7\u00e3o.<\/strong><\/p>\n<p>Informa\u00e7\u00e3o em nosso poder indica que a Funda\u00e7\u00e3o Khanimambo que se apresenta com uma institui\u00e7\u00e3o de caridade que apoia as comunidades locais, sobretudo na \u00e1rea de Educa\u00e7\u00e3o, Sa\u00fade tem tamb\u00e9m uma dimens\u00e3o lucrativa de turismo de luxo. Apesar do novo c\u00f3digo comercial aprovado e com suas incongru\u00eancias por parte do legislador diz no seu\u00a0 \u201cARTIGO 18 (<strong>Exerc\u00edcio de actividade empresarial por n\u00e3o empres\u00e1rio)\u00a0<\/strong>1. A pessoa colectiva de direito p\u00fablico, quando exerce a actividade empresarial, n\u00e3o adquire a qualidade de empres\u00e1rio ficando, por\u00e9m, no que ao exerc\u00edcio daquela diz respeito, sujeito a\u0300s disposi\u00e7\u00f5es deste C\u00f3digo.\u00a0 2. O disposto no n\u00famero anterior aplica-se a\u0300 sociedade civil assim como ao sujeito que n\u00e3o tenha finalidade lucrativa.\u201d\u00a0 o CJIM, apelo pela lei m\u00e3e-base onde as pessoas coletivas com interesses sem fins lucrativos como a funda\u00e7\u00e3o est\u00e3o proibidas de exercer qualquer atividade empresarial (comercial).\u201d\u00a0\u00a0 Lei 16\/2018\/ 28 de Dezembro,\u00a0<strong>Artigo Nr 4 (Natureza)<\/strong>\u00a0\u201cA funda\u00e7\u00e3o \u00e9 uma pessoa jurica de direito privado sem fins lucrativos\u2026 dotada de patrim\u00f3nio suficiente e irrevogavelmente afecto a prossecu\u00e7\u00e3o de fins de interesse social e cultural e recreativo, educa\u00e7\u00e3o, sa\u00fade, desenvolvimento\u2026\u201d<\/p>\n<p><strong>Artigo 21 (Benef\u00edcios para a funda\u00e7\u00e3o de utilidade publica)\u00a0<\/strong>\u201cA funda\u00e7\u00e3o de utilidade publica goza de isen\u00e7\u00e3o fiscal e aduaneira na aquisi\u00e7\u00e3o de bens e servi\u00e7os:\u00a0 Nr 1 al\u00ednea (a)imposto de valor acrescentado (IVA) b) SISA, c) Imposto de selo nas diversas transa\u00e7\u00f5es. Nr 2 -Isen\u00e7\u00f5es de tributa\u00e7\u00f5es financiamentos recebidos para a prossecu\u00e7\u00e3o das suas actividades no \u00e2mbito do escopo social\u2026\u201d<\/p>\n<p>As actividades da Funda\u00e7\u00e3o Khanimambo parecem estar em claro conflito com a lei. A institui\u00e7\u00e3o \u00e9 dirigida por Alexia Vieira, uma cidad\u00e3 portuguesa, sob alega\u00e7\u00e3o de estar a ajudar a comunidade local na Praia de Xai-Xai, est\u00e1 envolvida em constru\u00e7\u00e3o ilegal, turismo e evas\u00e3o fiscal.<\/p>\n<p>As actividades da Funda\u00e7\u00e3o Khanimambo come\u00e7aram 2007 supostamente com o objectivo de melhorar a situa\u00e7\u00e3o de 400 crian\u00e7as e as suas fam\u00edlias na bela e luxuosa linha costeira.<\/p>\n<p>A Funda\u00e7\u00e3o que \u201c\u2018e um centro aberto, n\u00e3o uma escola\u201d tem tr\u00eas projetos, Centro Muti, Academia Xipfundo e Farm-Humbi diz na sua website que garante bolsas Xipfundo, que os alunos que concluem a escola e queiram continuar a estudar tenham acesso \u00e0 universidade e \u00e0 forma\u00e7\u00e3o profissional. Estas bolsas cobrem as propinas, alojamento, alimenta\u00e7\u00e3o, transporte e seguro m\u00e9dico. Em 2021 nasceu o projeto Pr\u00e9-Xipfundo, um curso de um ano que todos os jovens que aspiram a ser candidatos a uma Bolsa Xipfundo devem realizar. O curso Pr\u00e9-Xipfundo \u00e9 um ano de transi\u00e7\u00e3o e adapta\u00e7\u00e3o que visa prepar\u00e1-los para a realidade do ensino superior\u2026\u201d pode-se ler no s\u00edtio da Funda\u00e7\u00e3o na Internet:\u00a0\u00a0<a href=\"https:\/\/we-building.org\/xaixai\/\" target=\"_blank\" rel=\"noopener\" data-saferedirecturl=\"https:\/\/www.google.com\/url?q=https:\/\/we-building.org\/xaixai\/&amp;source=gmail&amp;ust=1741680127571000&amp;usg=AOvVaw08j2XBYgZ8lLWPbqbARa0W\">https:\/\/we-building.org\/<wbr \/>xaixai\/<\/a><\/p>\n<p>&nbsp;<\/p>\n<p><strong>Benefici\u00e1rios<\/strong><\/p>\n<p>A nossa equipa de reportagem deslocou-se ao Centro Muti num fim de semana de Janeiro de 2025, conversamos com Joaquim Ricardo um jovem de 17 anos de idade benefici\u00e1rio da funda\u00e7\u00e3o desde 2022.<\/p>\n<p>Joaquim Ricardo que \u00e9 residente da Praia de Xai-Xai, disse a nossa reportagem que \u201ca Funda\u00e7\u00e3o \u00e9 algo bom n\u00e3o apenas para ele, mas para a comunidade da Praia de Xai-Xai. Para estudar n\u00e3o pago nada\u201d. Disse tamb\u00e9m que os pais s\u00e3o convidados a trabalhar na machamba da funda\u00e7\u00e3o em troca de dinheiro. Os pais tamb\u00e9m desenvolvem actividades de limpeza na escola. Segundo Ricardo a institui\u00e7\u00e3o apenas lecciona 9\u00aa Classe.<\/p>\n<div id=\"attachment_7354\" style=\"width: 729px\" class=\"wp-caption alignnone\"><img fetchpriority=\"high\" decoding=\"async\" aria-describedby=\"caption-attachment-7354\" class=\"CToWUd a6T\" tabindex=\"0\" src=\"https:\/\/ci3.googleusercontent.com\/meips\/ADKq_NY_Gr5-XXei1wS6U3PR5Y97Z5tcPWM0244szl4ztofTqITWvCZJJslYFbgrLPzZAp3S1d1PuU7DO51c9S164oNNbWE_REBnbqUIgJ73TXfRTPcZr8dfCOLRpgt-BfKCRP7QF1yfiBxXqFwpEPg3D1hdxrOtlNW2FNyE=s0-d-e1-ft#https:\/\/moz24h.co.mz\/wp-content\/uploads\/2025\/03\/WhatsApp-Image-2025-01-04-at-06.45.10-1-225x300.jpeg\" alt=\"\" width=\"719\" height=\"959\" data-bit=\"iit\" \/><p id=\"caption-attachment-7354\" class=\"wp-caption-text\">\u00a0Foto: Moz24h\/ Joaquim Ricardo estudante da Khanimambo Image 2025-01-04 at 06.45.10 (1)<\/p><\/div>\n<p>Antes do encontro com o Joaquim Ricardo, estivemos em Novembro do ano passado 2024 no port\u00e3o da funda\u00e7\u00e3o, exatamente no Centro Muit onde em conversa com o guarda de servi\u00e7o, per\u00edodo de f\u00e9rias escolares fingimos matricular no centro ou alugar um quarto nas redondezas. O guarda respondeu que \u201co hotel\u201d iria abrir em Janeiro de 2025\u201d mas que poder\u00edamos nos dirigir ao \u201cescrit\u00f3rio grande da Funda\u00e7\u00e3o\u201d ali pr\u00f3ximo, a Humbi-FarmEle tamb\u00e9m disse que os talh\u00f5es j\u00e1 estavam ocupados pelos chefes. \u201cTem pessoas que vem de Portugal e da \u00c1frica do Sul. S\u00e3o os padrinhos.\u201d, disse a nossa reportagem.<\/p>\n<p>F\u00e1tima J\u00falio Bila \u00e9 m\u00e3e de cinco filhos, uns j\u00e1 no Ensino superior e outro ainda na funda\u00e7\u00e3o. Exibe um sorriso largo, visivelmente satisfeita com assist\u00eancia que \u00e9 proporcionada pela funda\u00e7\u00e3o e diz \u201caqui n\u00e3o se compra comida produzem na machamba para alimentar as crian\u00e7as que l\u00e1 estudam\u201d<\/p>\n<div id=\"attachment_7362\" style=\"width: 727px\" class=\"wp-caption alignnone\"><img decoding=\"async\" aria-describedby=\"caption-attachment-7362\" class=\"CToWUd a6T\" tabindex=\"0\" src=\"https:\/\/ci3.googleusercontent.com\/meips\/ADKq_NYWNKJRO3-t1HOxBGqJIbw3rgu5BOi6GBB7kifw3H5RZ2oHv9UJaeeBpLyOC31ZnJuvN1hLJXuDIY0W4c4cff2DsCcbSXk_Lv3kEo8ZAO17OEeWzybAC338KeNJmIxvr0xXuE0vGltja1XkK748Ur2MSVHa9rWrMPcq=s0-d-e1-ft#https:\/\/moz24h.co.mz\/wp-content\/uploads\/2025\/03\/WhatsApp-Image-2025-01-04-at-06.45.09-1-300x225.jpeg\" alt=\"\" width=\"717\" height=\"538\" data-bit=\"iit\" \/><p id=\"caption-attachment-7362\" class=\"wp-caption-text\">\u00a0Foto: Moz24h\/ Centro Muti2025-01-04 at 06.45.09<\/p><\/div>\n<p>A nossa equipe ainda em esteve em Xai-Xai na Funda\u00e7\u00e3o em entrevista com Alexia Vieira, directora da institui\u00e7\u00e3o a quem solicitamos uma c\u00f3pia do Boletim da Rep\u00fablica de Mo\u00e7ambique com o registo da Funda\u00e7\u00e3o visto que a mesma n\u00e3o est\u00e1 dispon\u00edvel no site da institui\u00e7\u00e3o assim como no do Governo Mo\u00e7ambicano. O nosso objectivo era saber se a funda\u00e7\u00e3o est\u00e1 ou n\u00e3o a autorizada a desenvolver actividades lucrativas. O nosso pedido irritou Alexia Vieira que disse aos gritos: \u201cIsto \u00e9 funda\u00e7\u00e3o de acolhimento aberto. S\u00f3 quero dizer uma coisa porque n\u00e3o fiquei tranquila. Voc\u00ea esta pedir-me o BR um documento administrativo de come\u00e7o de atividade penso que \u00e9 desnecess\u00e1rio, mas como \u00e9 publico vai e procure. Quer ver minha certid\u00e3o de Nascimento vai \u00e0 conservat\u00f3ria\u201d.\u00a0 Lei 16\/2018\/ 28 de Dezembro.<strong>\u00a0Artigo 13 (Transpar\u00eancia)<\/strong>\u00a0\u201cA funda\u00e7\u00e3o \u00e9 obrigada a disponibilizar permanentemente na sua p\u00e1gina de internet a seguinte informa\u00e7\u00e3o:\u00a0 Nr-2 al\u00ednea (a) Prova de reconhecimento da funda\u00e7\u00e3o\u201d<\/p>\n<p>E la fomos, mas n\u00e3o a conservat\u00f3ria, mas sim\u00a0<strong>ao encontro do<\/strong>\u00a0governo provincial de Gaza que \u201cgere apenas ensino prim\u00e1rio e secund\u00e1rio\u201d onde em entrevista Ferr\u00e3o Bambo Diretor Provincial de Educa\u00e7\u00e3o em Gaza, Bambo referiu que a funda\u00e7\u00e3o \u201cN\u00e3o \u00e9 nenhuma escola, \u00e9 um centro auxiliar dos alunos selecionados nas respectivas escolas. Funda\u00e7\u00e3o kanimambo trabalho em colabora\u00e7\u00e3o com as escolas cujo os alunos recebem explica\u00e7\u00e3o naquela Funda\u00e7\u00e3o.<\/p>\n<p>Apesar das atividades da Funda\u00e7\u00e3o impressionarem as comunidades locais, ao mesmo tempo cresce um imp\u00e9rio tur\u00edstico em grandes por\u00e7\u00f5es de terra. S\u00e3o pequenas casas e piscina que n\u00e3o s\u00e3o para uso das comunidades locais. S\u00e3o apenas acess\u00edveis a visitantes que a funda\u00e7\u00e3o prefere chamar de \u201cdoadores, patrocinadores\u201d.<\/p>\n<p>Como confirma a diretora, Alexia Vieira, a Umbi Farm tem 15 hectares, \u201c\u00e9 o terceiro projecto da Funda\u00e7\u00e3o Khanimabo, um\u00a0\u00a0 subprojecto agr\u00edcola e tur\u00edstico de onde proporcionam alimentos que se consomem no centro nutricional onde foi constru\u00edda um bio constru\u00e7\u00e3o\u201d.\u00a0 Segundo ela, h\u00e1 tamb\u00e9m quartos onde \u201cvamos ter agroturismo e onde vamos receber os doadores da funda\u00e7\u00e3o Khanimambo\u201d. Viera defende que\u00a0\u00a0 desta forma podem se evitar gastos externos no arrendamento de casas para os seus colaboradores na praia de Xai-Xai. \u201cIsso n\u00e3o era sustent\u00e1vel. A Khanimabo n\u00e3o tirava nenhum benef\u00edcio\u201d, defende Vieira.<\/p>\n<p>Segundo ela, \u201ca angaria\u00e7\u00e3o de fundos j\u00e1 n\u00e3o vai ser internacional, vai ser mo\u00e7ambicana porque n\u00f3s temos uma capacidade de alojamento que pode contribuir financeiramente para funda\u00e7\u00e3o Khanimabo\u201d<\/p>\n<p>Sobre a licen\u00e7a para actividade tur\u00edstica, a directora afirma estar em processo e que ideia \u201c\u00e9 ter essa licen\u00e7a para uma casa de hospedes com prop\u00f3sito social. O prop\u00f3sito de lucro \u00e9 social\u201d defende Vieira<\/p>\n<p>&nbsp;<\/p>\n<p><strong>Encarregados de Educa\u00e7\u00e3o s\u00e3o obrigados a trabalhar na Funda\u00e7\u00e3o<\/strong><\/p>\n<p>Alexia Vieira defende que o apoio dado pela Funda\u00e7\u00e3o Khanimambo \u00e1s comunidades \u00e9 gratuito. Contudo, diz que \u201co que existe \u00e9 compromisso, tem que ter assist\u00eancia obrigat\u00f3ria e participa\u00e7\u00e3o activa dos adultos nas nossas actividades que v\u00eam para aqui todos os dias.\u201d Os pais tamb\u00e9m t\u00eam uma contribui\u00e7\u00e3o social que \u00e9 venderem pe\u00e7as de roupa. Eles tamb\u00e9m podem comprar a 5 Meticais cada pe\u00e7a. Antes era gratuito, disse a nossa fonte. O valor arrecadado vai para um fundo social com o qual se compram bens comuns, como a m\u00e1quina de pipocas. \u201cAchamos que a compra de material escolar e a roupa de casa devem ser pagos como contribui\u00e7\u00e3o social nesta fase de 2025 em Mo\u00e7ambique.\u201d. disse Alexia Vieira ao Moz24h.<\/p>\n<p>Segundo Alexia Vieira, a Funda\u00e7\u00e3o vem apoiando cerca de \u201c400 crian\u00e7as desde 2007 a 2025.\u201d S\u00e3o crian\u00e7as dos 13 anos em diante.<\/p>\n<p><strong>Evas\u00e3o fiscal<\/strong><\/p>\n<p>De acordo com a lei mo\u00e7ambicana, existe uma importa\u00e7\u00e3o \u201clivre de tributa\u00e7\u00e3o\u201d de bens para funda\u00e7\u00f5es para institui\u00e7\u00f5es de caridade, igrejas, organiza\u00e7\u00f5es sem fins lucrativos. Moz24h\/CJIM sabe que fazem importa\u00e7\u00f5es ate de mat\u00e9rias de constru\u00e7\u00e3o e outros. Ali\u00e1s, fica a d\u00favida se o complexo tur\u00edstico h\u00e1-de ou n\u00e3o ser tributado como uma actividade tur\u00edstica, comercial. Mas com j\u00e1 referimos, uma Funda\u00e7\u00e3o n\u00e3o pode envolver-se em actividades empresariais.<\/p>\n<p><strong>Dos financiadores ao turismo<\/strong><\/p>\n<p><strong>\u00a0<\/strong>Da directora da Funda\u00e7\u00e3o, Alexia Vieira, O Moz24h soube que mesma \u00e9 financiada atrav\u00e9s de fundos privados. H\u00e1 diferentes tipos de modalidades de colaboradores que s\u00e3o os padrinhos das crian\u00e7as, mas tamb\u00e9m os s\u00f3cios projeto do centro, doadores que d\u00e3o ajuda pontual e, por \u00faltimo os patrocinadores espec\u00edficos para campanhas especificas. Os \u201ccolaboradores tem acesso directo a funda\u00e7\u00e3o. V\u00eam c\u00e1, falam com os seus afilhados.\u201d, disse.<\/p>\n<p>Alexia Vieira reconhece que os colaboradores n\u00e3o v\u00e3o a Xai-Xai s\u00f3 para visitar a Funda\u00e7\u00e3o Khanimambo, mas tamb\u00e9m \u201cpara exercer actividades tur\u00edsticas\u201d.\u00a0<a href=\"https:\/\/www.fundacionjea.org\/portfolio\/humbi-farm-2020-2022-actualizacion-2022\/\" target=\"_blank\" rel=\"noopener\" data-saferedirecturl=\"https:\/\/www.google.com\/url?q=https:\/\/www.fundacionjea.org\/portfolio\/humbi-farm-2020-2022-actualizacion-2022\/&amp;source=gmail&amp;ust=1741680127572000&amp;usg=AOvVaw1fUVGehnJeuTHDJqgQBabR\">https:\/\/www.fundacionjea.org\/<wbr \/>portfolio\/humbi-farm-2020-<wbr \/>2022-actualizacion-2022\/<\/a>.<\/p>\n<p><strong>Alguns dos doadores da Funda\u00e7\u00e3o khanimambo<\/strong><\/p>\n<p>Fundaci\u00f3n Juan Entrecanales de Azc\u00e1rate\u00a0\u00a0\u00a0<a href=\"http:\/\/www.fundacionjea.org\/\" target=\"_blank\" rel=\"noopener\" data-saferedirecturl=\"https:\/\/www.google.com\/url?q=http:\/\/www.fundacionjea.org\/&amp;source=gmail&amp;ust=1741680127572000&amp;usg=AOvVaw2weDUjgRq2kaR1g_NF67xn\">www.fundacionjea.org\/<\/a>; Fundaci\u00f3n ADEY\u00a0\u00a0\u00a0\u00a0<a href=\"https:\/\/fundacionadey.org\/\" target=\"_blank\" rel=\"noopener\" data-saferedirecturl=\"https:\/\/www.google.com\/url?q=https:\/\/fundacionadey.org\/&amp;source=gmail&amp;ust=1741680127572000&amp;usg=AOvVaw1Im-4vAOOHdZk4lRuiFDCT\">https:\/\/fundacionadey.org\/<\/a>; Fundaci\u00f3n Mutua Madrile\u00f1a\u00a0\u00a0\u00a0<a href=\"https:\/\/www.fundacionmutua.es\/;Fundacion\" target=\"_blank\" rel=\"noopener\" data-saferedirecturl=\"https:\/\/www.google.com\/url?q=https:\/\/www.fundacionmutua.es\/;Fundacion&amp;source=gmail&amp;ust=1741680127572000&amp;usg=AOvVaw0RUPkTwf9n0F8gsYIg3fQ-\">https:\/\/www.fundacionmutua.es\/<wbr \/>;Fundacion<\/a>\u00a0santander\u00a0\u00a0\u00a0<a href=\"https:\/\/www.fundacionbancosantander.com\/es\/inicio\" target=\"_blank\" rel=\"noopener\" data-saferedirecturl=\"https:\/\/www.google.com\/url?q=https:\/\/www.fundacionbancosantander.com\/es\/inicio&amp;source=gmail&amp;ust=1741680127572000&amp;usg=AOvVaw3AXCYEKVUlCZaayHngg3eH\">https:\/\/www.<wbr \/>fundacionbancosantander.com\/<wbr \/>es\/inicio<\/a>; Allfunds bank\u00a0\u00a0\u00a0<a href=\"https:\/\/allfunds.com\/en\/\" target=\"_blank\" rel=\"noopener\" data-saferedirecturl=\"https:\/\/www.google.com\/url?q=https:\/\/allfunds.com\/en\/&amp;source=gmail&amp;ust=1741680127572000&amp;usg=AOvVaw3sc-Vch24ZLAELYW06uaVd\">https:\/\/allfunds.com\/en\/<\/a>; Fundacion \u00a0Real Madrid. A lista continua, mais podem ser encontrados pelo site:\u00a0<a href=\"https:\/\/fundacionkhanimambo.org\/ya-ayudan\/\" target=\"_blank\" rel=\"noopener\" data-saferedirecturl=\"https:\/\/www.google.com\/url?q=https:\/\/fundacionkhanimambo.org\/ya-ayudan\/&amp;source=gmail&amp;ust=1741680127572000&amp;usg=AOvVaw0kS9hoIiQnhNqi4goIFY60\">https:\/\/fundacionkhanimambo.<wbr \/>org\/ya-ayudan\/<\/a><\/p>\n<p>A nossa equipa de reportagem conversou com associa\u00e7\u00f5es locais em Xai-Xai. Da ADCR (Associa\u00e7\u00e3o para o Desenvolvimento Rural) financiada pela Coopera\u00e7\u00e3o Espanhola, tivemos como resposta foi: \u201cj\u00e1 ouvi falar deles. N\u00e3o trabalhamos juntos&#8221;. A nossa reportagem tamb\u00e9m falou com fonte da KUVUMBANA, que trabalha na \u00e1rea das crian\u00e7as e dos afectados e infectados pelo VIH\/SIDA que disse que n\u00e3o os conhecia e nunca tinha trabalhado com eles. Uma fonte do FONGA (F\u00f3rum de Organiza\u00e7\u00f5es da Sociedade Civil de Gaza) disse que n\u00e3o tinham qualquer liga\u00e7\u00e3o com a Funda\u00e7\u00e3o Kanimambo.Contudo, fonte do Minist\u00e9rio do G\u00e9nero Mulher e Ac\u00e3o Social disse conhecer a Funda\u00e7\u00e3o Khanimambo e que \u201ctrabalham na Praia de Xai-Xai\u201d<\/p>\n<div id=\"attachment_7365\" style=\"width: 756px\" class=\"wp-caption alignnone\"><img decoding=\"async\" aria-describedby=\"caption-attachment-7365\" class=\"CToWUd a6T\" tabindex=\"0\" src=\"https:\/\/ci3.googleusercontent.com\/meips\/ADKq_NY3ZiC5gEWtlygnqt7vTgzJqsNlt0bIsFFqxOr30w_Otr_S6Y0vbFM6qflmF7szmbEJQzNym6AZckF8MjcC8llsldiyr-uZWx5Ph0LlFWtiHr5Y86TrP17U4BjfVRA7i0u_ajRXRQ=s0-d-e1-ft#https:\/\/moz24h.co.mz\/wp-content\/uploads\/2025\/03\/humbi-inauguracion-2-300x200.jpg\" alt=\"\" width=\"746\" height=\"497\" data-bit=\"iit\" \/><p id=\"caption-attachment-7365\" class=\"wp-caption-text\">\u00a0Foto: Site humbi-inauguracion<\/p><\/div>\n<p><strong>De Gaza a Prov\u00edncia de Maputo a procura de licen\u00e7as<\/strong><\/p>\n<p>Tendo a propriet\u00e1ria do investimento recusado mostrar-nos qualquer documento e ter dito para a nossa equipe procurar nas institui\u00e7\u00f5es de direito, a nossa equipe de investiga\u00e7\u00e3o come\u00e7ou pelo Minist\u00e9rio dos Neg\u00f3cios Estrangeiros ao Minist\u00e9rio da Justi\u00e7a entidade legal sem \u201cnenhum registo\u201d, ao conselho municipal de Xai-Xai, as dire\u00e7\u00f5es provinciais da educa\u00e7\u00e3o, turismo, Autoridade Tributaria, ambiente.<\/p>\n<p><strong>A constru\u00e7\u00e3o da Farm-Umbi terceiro projecto da funda\u00e7\u00e3o<\/strong><\/p>\n<div id=\"attachment_7363\" style=\"width: 745px\" class=\"wp-caption alignnone\"><img loading=\"lazy\" decoding=\"async\" aria-describedby=\"caption-attachment-7363\" class=\"CToWUd a6T\" tabindex=\"0\" src=\"https:\/\/ci3.googleusercontent.com\/meips\/ADKq_NYg2NjT0fUqug5zCORrsZSvOwuJIYilqdoHh-ZVoPveX-zRfZ8uKSg_FCVqCyoaJBxuaPXuE8oXJoh2QdeAIFo3wJLCt0IymabXOX4HXbIBa1kLDrf3ClwvD_OEzD9M0tA_Pax2ry11vbpAI0RLPe-_6f7orlSgb_xJ=s0-d-e1-ft#https:\/\/moz24h.co.mz\/wp-content\/uploads\/2025\/03\/WhatsApp-Image-2024-12-12-at-01.33.23-1-300x169.jpeg\" alt=\"\" width=\"735\" height=\"414\" data-bit=\"iit\" \/><p id=\"caption-attachment-7363\" class=\"wp-caption-text\">\u00a0Farm-Umbi terceiro projecto da funda\u00e7\u00e3oImage 2024-12-12 at 01.33.23<\/p><\/div>\n<p>A referida a constru\u00e7\u00e3o de um edif\u00edcio destinado a fins habitacionais e n\u00e3o tur\u00edsticos, como \u00e9 o caso do empreendimento. estranho o facto segundo imagens do empreendimento e de fontes conhecedoras do projecto \u00e9 que para al\u00e9m de um edif\u00edcio grande estarem a serem feitas outras 12 constru\u00e7\u00f5es. O que equivale dizer que s\u00f3 \u201cum edif\u00edcio est\u00e1 devidamente licenciado\u201d. A constru\u00e7\u00e3o iniciou a 17 de Janeiro de 2022 e terminou em Dezembro de 2024 seis meses ap\u00f3s a licen\u00e7a ter expirado, mas a \u201cobra foi retomada j\u00e1 no fim por outra empresa a Mozago. No site da Funda\u00e7\u00e3o Khanimambo pode-se ler: \u201cas obras recome\u00e7aram\u201d,<\/p>\n<p><a href=\"https:\/\/fundacionkhanimambo.org\/\" target=\"_blank\" rel=\"noopener\" data-saferedirecturl=\"https:\/\/www.google.com\/url?q=https:\/\/fundacionkhanimambo.org&amp;source=gmail&amp;ust=1741680127572000&amp;usg=AOvVaw34rvSicTvQLPu-hVsyMzBJ\">https:\/\/fundacionkhanimambo.<wbr \/>org<\/a>.<\/p>\n<p><strong>\u00a0<\/strong><strong>Licen\u00e7a de Constru\u00e7\u00e3o da Farm-Umbi emitida pelo Conselho Municipal da Cidade de Xai-Xai para autoconstru\u00e7\u00e3o e n\u00e3o de contrata\u00e7\u00e3o de empresa\u201d em nosso poder esta \u2018fora do prazo\u2019<\/strong><\/p>\n<p>Nesta senda, ainda na primeira semana de fevereiro do corrente ano, voltamos ao conselho municipal para comparar a licen\u00e7a de constru\u00e7\u00e3o n\u00e3o renovada a favor da Funda\u00e7\u00e3o Khanimambo &#8211; Alexia Vieira Garrido em nosso poder e a que o director antes fez refer\u00eancia. Segundo Eng.\u00a0 Joaquim Mafuane, Director da Urbaniza\u00e7\u00e3o do Conselho de Xai-Xai, a prior falando sobre a licen\u00e7a Kanimambo-Humbi Farm foi perent\u00f3rio ao afirma que a referida licen\u00e7a usada numa fase da referida constru\u00e7\u00e3o estava fora de prazo. &#8220;primeiro lugar tenho a comentar que esta licen\u00e7a de constru\u00e7\u00e3o que nos apresenta, est\u00e1 fora do prazo&#8221;. Mafuane acrescentou que a Funda\u00e7\u00e3o Kanimambo, h\u00e1 alguns anos passados, &#8220;submeteu um projeto de constru\u00e7\u00e3o de uma moradia acompanhado por aquilo que nos chamamos de anexos&#8221;. Continuando ele, disse que &#8220;se est\u00e3o a construir algumas palhotas, ou seja, o que for, no espa\u00e7o da \u00e1rea requerida no projeto aprovado pelo Conselho Aut\u00e1rquico de Xai-Xai &#8220;as constru\u00e7\u00f5es que estiverem a erguerem s\u00e3o legais, pois, a sua execu\u00e7\u00e3o consta do projeto aprovado pelo Conselho Aut\u00e1rquico. N\u00e3o h\u00e1 nenhuma ilegalidade. A \u00fanica que posso mencionar \u00e9 desta licen\u00e7a estar j\u00e1 fora do prazo&#8221;.<\/p>\n<div id=\"attachment_7356\" style=\"width: 572px\" class=\"wp-caption alignnone\"><img loading=\"lazy\" decoding=\"async\" aria-describedby=\"caption-attachment-7356\" class=\"CToWUd a6T\" tabindex=\"0\" src=\"https:\/\/ci3.googleusercontent.com\/meips\/ADKq_Nakva_yr7GPCIWwY4Jt5LQbg2-u3AloU7QIbfZqdHxQ9dq5lvAdw22aBzTucKbVlbhtCyXA4LI-PgLgFf_R6nKKqzC8yLUORHCJ1JYt_eZ7wpK36ZUD=s0-d-e1-ft#https:\/\/moz24h.co.mz\/wp-content\/uploads\/2025\/03\/aa1-225x300.jpeg\" alt=\"\" width=\"562\" height=\"749\" data-bit=\"iit\" \/><p id=\"caption-attachment-7356\" class=\"wp-caption-text\">\u00a0Licen\u00e7a de constru\u00e7\u00e3o<\/p><\/div>\n<p>Foto::<a href=\"https:\/\/moz24h.co.mz\/wp-content\/uploads\/2025\/03\/Licencia-Construccion-Humbi-Farm_1-1.pdf\" target=\"_blank\" rel=\"noopener\" data-saferedirecturl=\"https:\/\/www.google.com\/url?q=https:\/\/moz24h.co.mz\/wp-content\/uploads\/2025\/03\/Licencia-Construccion-Humbi-Farm_1-1.pdf&amp;source=gmail&amp;ust=1741680127572000&amp;usg=AOvVaw3GItcza41fBx9cKm5lFbU3\">Licencia Construccio\u0301n Humbi Farm_1 (1)<\/a><\/p>\n<p>Mais, a constru\u00e7\u00e3o de um empreendimento tur\u00edstico deve, antes de qualquer outra licen\u00e7a, ambiental. Nos Servi\u00e7os Provincial do Ambiente em Gaza, no dia 05\/02\/24 Nat\u00e9rcia Cuna chefe do Departamento disse que a Khanimambo, promotores do projeto, depois de aconselhados solicitaram a estes servi\u00e7os a Licen\u00e7a Ambiental desde 2024. &#8220;Eles t\u00eam a licen\u00e7a ambiental n\u00e3o tem mais de 7 meses que s\u00e3o portadores, com v\u00e1rias recomenda\u00e7\u00f5es a terem em conta&#8221;.<\/p>\n<p>E mais, o Instituto Nacional de Seguran\u00e7a Social (INSS) em Gaza confirma que a funda\u00e7\u00e3o -Humbi Farm \u00a0\u201cap\u00f3s procura no sistema n\u00e3o esta registada\u201d \u00a0assim como a Autoridade tribut\u00e1ria que apos o nosso pedido de informa\u00e7\u00e3o fez uma breve visita a Humbi Farm e disse que\u00a0 \u201c\u2026det\u00e9m no seu cadastro inscrita no regime de isen\u00e7\u00e3o em IVA simplificado de escritura\u00e7\u00e3o a empresa Humbi Farm Agr\u00edcola LDA, sob NUIT 400972044 desde 02.05.2019 para exerc\u00edcio da actividade agr\u00edcola\u201d e que a mesma \u00a0\u201cSeria sancionada por exercer actividades comercial sem contribuir\u201d e \u00a0\u00a0\u201c Adicionalmente informamos que a mesma compareceu na \u00c1rea fiscal de Xai-Xai no dia 17.02.2025 para agregar a actividade de hospedagem onde foi migrada para o regime normal de IVA\u201d isto cerca de dois depois da nossa \u00a0equipa de investiga\u00e7\u00e3o ter estado no centro<\/p>\n<p><strong>Fiscaliza\u00e7\u00e3o da Obra\u00a0<\/strong><\/p>\n<p>A nossa reportagem soube do fiscal oficial da obra Ant\u00f3nio Massango\u00a0\u00a0 expulso, \u201cFoi desagrad\u00e1vel, uma quest\u00e3o complicada mesmo eu n\u00e3o fiquei feliz. Na verdade, houve desaven\u00e7a dos dois, ela chegou a conclus\u00e3o que n\u00e3o queria. No meu caso foi triste da maneira como ela terminou comigo. N\u00e3o foi agrad\u00e1vel e depois p\u00f4s o marido dela como fiscal, n\u00e3o percebe de constru\u00e7\u00e3o.\u201d Este facto foi reconfirmado por um dos trabalhadores na obra Abilio Abilio dizendo que pela informa\u00e7\u00e3o inicial do projecto era um albergue para crian\u00e7as, mas depois mudou para \u201cConstru\u00e7\u00e3o de casas para aluguer. A funda\u00e7\u00e3o come\u00e7ou a cortar algumas atividades que vinham no contrato e depois, eles expulsaram-nos. Violaram o contrato.\u201d<\/p>\n<p>Fiscal \u00a0da obra Antonio Massango foi substitu\u00eddo, posteriormente expulso e actividade de fiscaliza\u00e7\u00e3o ficou a ser exercida pelo senhor Eric Ferrer, marido da directora e tamb\u00e9m gestor que \u201cn\u00e3o entende nada de constru\u00e7\u00e3o e n\u00e3o sei o quer est\u00e1 a fiscalizar\u201d. Houve diverg\u00eancias entre o construtor, fiscal e a Funda\u00e7\u00e3o Khanimambo \u201cclara viola\u00e7\u00e3o do contrato celebrado,\u201d e acrescenta \u00a0que \u201cEles t\u00eam um fiscal, mas dizem que o fiscal n\u00e3o pode fazer relat\u00f3rios. Eles pr\u00f3prios \u00e9 que fazem os relat\u00f3rios\u201d,<\/p>\n<p><strong>Turismo<\/strong><\/p>\n<div id=\"attachment_7359\" style=\"width: 755px\" class=\"wp-caption alignnone\"><img loading=\"lazy\" decoding=\"async\" aria-describedby=\"caption-attachment-7359\" class=\"CToWUd a6T\" tabindex=\"0\" src=\"https:\/\/ci3.googleusercontent.com\/meips\/ADKq_NaJASBJI3fgG0xO_I3eBEmKxdUOuGpuLaDHTwxHFtcW7TV_x7JBinVTGnl10xRTlQwJTrLb8ydeW-mER3HW47fzJn7jbTf2NR_OXQK_PgsIqce_u-CVczslHA0uxiCnz6RHVnkwrT7SLzCIAZuHE49IdnS0iZjORg=s0-d-e1-ft#https:\/\/moz24h.co.mz\/wp-content\/uploads\/2025\/03\/WhatsApp-Image-2024-12-12-at-01.35.29-300x225.jpeg\" alt=\"\" width=\"745\" height=\"559\" data-bit=\"iit\" \/><p id=\"caption-attachment-7359\" class=\"wp-caption-text\">\u00a0Foto: Site Khanimambo Humbi Farm reservasImage 2024-12-12 at 01.35.29<\/p><\/div>\n<p>Alex secunda que \u201cEste \u00e9 uma proje\u00e7\u00e3o de agroturismo onde vamos receber os nossos colaboradores para eles serem tratados e recebidos por n\u00f3s na funda\u00e7\u00e3o Khanimambo porque s\u00e3o eles os doadores da funda\u00e7\u00e3o Khanimambo.\u201d\u00a0 E cada um custeia a sua viagem.<\/p>\n<p>Na dire\u00e7\u00e3o provincial do turismo de Gaza Dorcidio Maciel director provincial da \u00e1rea categoricamente disse que a sua dire\u00e7\u00e3o n\u00e3o tem conhecimento e, por conseguinte, n\u00e3o emitiu licen\u00e7a para Umbi Farm e, explica que: \u2018Se n\u00e3o passam 10 quartos compete ao munic\u00edpio fazer o licenciamento. \u201cNos trabalhamos com coisas grandes com mais de 10 quartos, mas \u2018e verdade que pode ser abaixo de 10, 5 quartos, mas que a denomina\u00e7\u00e3o, tipologia desse empreendimento \u00e9 do nosso n\u00edvel.\u00a0 INAE \u00e9 quem deve fazer a fiscaliza\u00e7\u00e3o\u201d e \u201cn\u00e3o tem licen\u00e7a.\u201d Naturalmente na \u00e1rea fiscal n\u00e3o h\u00e1 registo de pagamento da actividade tur\u00edstica.<\/p>\n<p>Apesar Vieira afirmar que a Humbi Farm \u201c\u00e9 apenas para a acomoda\u00e7\u00e3o dos doadores padrinhos, enfatiza que \u201cCada um vem individualmente quando quiser vir\u201d e que \u201c<strong>geralmente<\/strong>\u00a0nunca vem s\u00f3 para visitar Khanimambo, tentam vir para tamb\u00e9m exercer actividades tur\u00edsticas.\u201d<\/p>\n<p>Umbi farm cujo inaugura\u00e7\u00e3o seria feita em Janeiro do corrente ano na sua p\u00e1gina da internet \u00a0aberta j\u00e1 algum tempo a reserva de quartos os pre\u00e7os variam entre 3.700 localmente e \u00a0\u00a014.000 Randes feita pelas suas agencias. link\u00a0<a href=\"https:\/\/humbifarm.com\/\" target=\"_blank\" rel=\"noopener\" data-saferedirecturl=\"https:\/\/www.google.com\/url?q=https:\/\/humbifarm.com\/&amp;source=gmail&amp;ust=1741680127572000&amp;usg=AOvVaw3LvUZSn_uBcRz17je3esCS\">https:\/\/humbifarm.com\/<\/a>.<\/p>\n<p>&nbsp;<\/p>\n<div id=\"attachment_7357\" style=\"width: 705px\" class=\"wp-caption alignnone\"><img loading=\"lazy\" decoding=\"async\" aria-describedby=\"caption-attachment-7357\" class=\"CToWUd a6T\" tabindex=\"0\" src=\"https:\/\/ci3.googleusercontent.com\/meips\/ADKq_NbJ9Q9NoJpF1XdVgFWAl6qEGua-jsAbhbujgJRpeB0nBuYpUwidyofM0e3D3zxsYXXrsshC9Yd07pq_Yb1LrSVk6mN6EBl_oFTxLRQl_ZoQi_mNDBwahv92wKah6Rp6Ar55Nx-6jQ=s0-d-e1-ft#https:\/\/moz24h.co.mz\/wp-content\/uploads\/2025\/03\/Humbi-farm-reserva1-134x300.jpeg\" alt=\"\" width=\"695\" height=\"1556\" data-bit=\"iit\" \/><p id=\"caption-attachment-7357\" class=\"wp-caption-text\">\u00a0Foto: Site Khanimambo Humbi Farm reservas<\/p><\/div>\n<div id=\"attachment_7358\" style=\"width: 662px\" class=\"wp-caption alignnone\"><img loading=\"lazy\" decoding=\"async\" aria-describedby=\"caption-attachment-7358\" class=\"CToWUd a6T\" tabindex=\"0\" src=\"https:\/\/ci3.googleusercontent.com\/meips\/ADKq_NYWNm4eGW-ycYDS3Jn28xLUYXifRMU7azB6vM-oJsFrmDaSu0iwF7JdRb4vzvGi0CFkiiCjxdV6Lhz4f17Q0EXx0cIOjsGy_o9qDKKzO5h9V-ro0v9wwfg_3MRKmEqhBu4CoUxmwg=s0-d-e1-ft#https:\/\/moz24h.co.mz\/wp-content\/uploads\/2025\/03\/Humbi-home-reserva2-134x300.jpeg\" alt=\"\" width=\"652\" height=\"1460\" data-bit=\"iit\" \/><p id=\"caption-attachment-7358\" class=\"wp-caption-text\">\u00a0Foto: Site Khanimambo Humbi Farm reservas<\/p><\/div>\n<p>Marketing<\/p>\n<p>Tem parceiros como o Booking.com, um agente de reservas terceirizado que ajuda propriedades a vender mais de seus neg\u00f3cios e voc\u00ea pode ver aqui que eles s\u00e3o novos na plataforma AGODA<\/p>\n<p>Normalmente, quando voc\u00ea faz reservas, voc\u00ea n\u00e3o iria direto para o site de um hotel, pois n\u00e3o saberia onde ficar primeiro, ent\u00e3o agentes terceirizados ajudam fornecendo uma lista de lugares para ficar e tamb\u00e9m orientando sobre quanto voc\u00ea deseja gastar. Voc\u00ea pode ver aqui que eles s\u00e3o novos na plataforma AGODA.\u00a0 Confio nestes dois sistemas de reserva de terceiros, usei-os pessoalmente e n\u00e3o tive problemas. Explicou \u00a0\u00e0 agente tur\u00edstica ao (Moz2h)<\/p>\n<p><img loading=\"lazy\" decoding=\"async\" class=\"CToWUd a6T\" tabindex=\"0\" src=\"https:\/\/ci3.googleusercontent.com\/meips\/ADKq_NYsrL8ffRjjdXzwlM5vtKZAsyrRdeWn3hRX5uI8UVoEyIwX85YsNyoQV01D_0Nh7wm3kM9j9_aOatNdsQZS_VeTZaaLfagr5tUenDEHPThZl5OuvVIykl0=s0-d-e1-ft#https:\/\/moz24h.co.mz\/wp-content\/uploads\/2025\/03\/aa1-1-225x300.jpeg\" alt=\"\" width=\"450\" height=\"600\" data-bit=\"iit\" \/><\/p>\n<p><a href=\"https:\/\/moz24h.co.mz\/wp-content\/uploads\/2025\/03\/Estacio-response-FUNDACAO.pdf\" target=\"_blank\" rel=\"noopener\" data-saferedirecturl=\"https:\/\/www.google.com\/url?q=https:\/\/moz24h.co.mz\/wp-content\/uploads\/2025\/03\/Estacio-response-FUNDACAO.pdf&amp;source=gmail&amp;ust=1741680127572000&amp;usg=AOvVaw2g8LoAKbwhqNJ0XScy75W5\">Foto: Resposta da Khanimambo<\/a><\/p>\n<p>A todas institui\u00e7\u00f5es a nossa investiga\u00e7\u00e3o solicitou as licen\u00e7as f\u00edsicas, mas n\u00e3o aceitaram dar alegando que s\u00f3 poderiam dar ao legitimo propriet\u00e1rio.\u00a0 Entretanto, em direito a resposta a Funda\u00e7\u00e3o atrav\u00e9s da sua representante Carlos Martins &amp; Associados -Sociedade de advogados, manteve a sua posi\u00e7\u00e3o. \u201c Poder\u00e3o confirmar isso mesmo junto das entidades competentes\u201d e mais, contrariando as institui\u00e7\u00f5es do governo de \u00a0Mo\u00e7ambique, acrescenta que \u201ca nossa cliente tem todas as autoriza\u00e7\u00f5es e licen\u00e7as.\u201d \u00a0\u00a0(Moz24\/CJIM)<\/p>\n<p>PS: Abilio Abilio nome ficticio<\/p>\n<\/div>\n<div><\/div>","protected":false},"excerpt":{"rendered":"<p>Por Est\u00e1cio Valoi e Carlos Mhula A nossa investiga\u00e7\u00e3o come\u00e7ou em 2024 na cidade de Maputo ap\u00f3s termos conhecimento de que na cidade de Xai-Xai, prov\u00edncia de Gaza em territ\u00f3rio mo\u00e7ambicano opera uma institui\u00e7\u00e3o denominada Funda\u00e7\u00e3o Khanimambo originalmente constitu\u00edda na Espanha com autoriza\u00e7\u00e3o do Minist\u00e9rio dos Neg\u00f3cios Estrangeiros e Coopera\u00e7\u00e3o. Informa\u00e7\u00e3o em nosso poder indica [&hellip;]<\/p>","protected":false},"author":1,"featured_media":3366,"comment_status":"open","ping_status":"open","sticky":false,"template":"","format":"standard","meta":{"footnotes":""},"categories":[285,275],"tags":[],"rttpg_featured_image_url":{"full":["https:\/\/cjimoz.org.mz\/news\/wp-content\/uploads\/2025\/03\/humbi-inauguracion.jpg",800,533,false],"landscape":["https:\/\/cjimoz.org.mz\/news\/wp-content\/uploads\/2025\/03\/humbi-inauguracion.jpg",800,533,false],"portraits":["https:\/\/cjimoz.org.mz\/news\/wp-content\/uploads\/2025\/03\/humbi-inauguracion.jpg",800,533,false],"thumbnail":["https:\/\/cjimoz.org.mz\/news\/wp-content\/uploads\/2025\/03\/humbi-inauguracion-250x167.jpg",150,100,true],"medium":["https:\/\/cjimoz.org.mz\/news\/wp-content\/uploads\/2025\/03\/humbi-inauguracion-400x267.jpg",300,200,true],"large":["https:\/\/cjimoz.org.mz\/news\/wp-content\/uploads\/2025\/03\/humbi-inauguracion-650x433.jpg",650,433,true],"1536x1536":["https:\/\/cjimoz.org.mz\/news\/wp-content\/uploads\/2025\/03\/humbi-inauguracion.jpg",800,533,false],"2048x2048":["https:\/\/cjimoz.org.mz\/news\/wp-content\/uploads\/2025\/03\/humbi-inauguracion.jpg",800,533,false],"trp-custom-language-flag":["https:\/\/cjimoz.org.mz\/news\/wp-content\/uploads\/2025\/03\/humbi-inauguracion-18x12.jpg",18,12,true],"post-thumbnail":["https:\/\/cjimoz.org.mz\/news\/wp-content\/uploads\/2025\/03\/humbi-inauguracion-150x100.jpg",150,100,true],"retina2x":["https:\/\/cjimoz.org.mz\/news\/wp-content\/uploads\/2025\/03\/humbi-inauguracion.jpg",800,533,false],"retina3x":["https:\/\/cjimoz.org.mz\/news\/wp-content\/uploads\/2025\/03\/humbi-inauguracion.jpg",800,533,false],"retina4x":["https:\/\/cjimoz.org.mz\/news\/wp-content\/uploads\/2025\/03\/humbi-inauguracion.jpg",800,533,false],"retina5x":["https:\/\/cjimoz.org.mz\/news\/wp-content\/uploads\/2025\/03\/humbi-inauguracion.jpg",800,533,false],"retina6x":["https:\/\/cjimoz.org.mz\/news\/wp-content\/uploads\/2025\/03\/humbi-inauguracion.jpg",800,533,false]},"rttpg_author":{"display_name":"Reda\u00e7\u00e3o CJIMOZ","author_link":"https:\/\/cjimoz.org.mz\/news\/en\/author\/hcuambe\/"},"rttpg_comment":0,"rttpg_category":"<a href=\"https:\/\/cjimoz.org.mz\/news\/en\/category\/fact-checking\/\" rel=\"category tag\">Fact Checking<\/a> <a href=\"https:\/\/cjimoz.org.mz\/news\/en\/category\/sociedade\/\" rel=\"category tag\">Sociedade<\/a>","rttpg_excerpt":"Por Est\u00e1cio Valoi e Carlos Mhula A nossa investiga\u00e7\u00e3o come\u00e7ou em 2024 na cidade de Maputo ap\u00f3s termos conhecimento de que na cidade de Xai-Xai, prov\u00edncia de Gaza em territ\u00f3rio mo\u00e7ambicano opera uma institui\u00e7\u00e3o denominada Funda\u00e7\u00e3o Khanimambo originalmente constitu\u00edda na Espanha com autoriza\u00e7\u00e3o do Minist\u00e9rio dos Neg\u00f3cios Estrangeiros e Coopera\u00e7\u00e3o. Informa\u00e7\u00e3o em nosso poder indica&hellip;","_links":{"self":[{"href":"https:\/\/cjimoz.org.mz\/news\/en\/wp-json\/wp\/v2\/posts\/3365"}],"collection":[{"href":"https:\/\/cjimoz.org.mz\/news\/en\/wp-json\/wp\/v2\/posts"}],"about":[{"href":"https:\/\/cjimoz.org.mz\/news\/en\/wp-json\/wp\/v2\/types\/post"}],"author":[{"embeddable":true,"href":"https:\/\/cjimoz.org.mz\/news\/en\/wp-json\/wp\/v2\/users\/1"}],"replies":[{"embeddable":true,"href":"https:\/\/cjimoz.org.mz\/news\/en\/wp-json\/wp\/v2\/comments?post=3365"}],"version-history":[{"count":1,"href":"https:\/\/cjimoz.org.mz\/news\/en\/wp-json\/wp\/v2\/posts\/3365\/revisions"}],"predecessor-version":[{"id":3367,"href":"https:\/\/cjimoz.org.mz\/news\/en\/wp-json\/wp\/v2\/posts\/3365\/revisions\/3367"}],"wp:featuredmedia":[{"embeddable":true,"href":"https:\/\/cjimoz.org.mz\/news\/en\/wp-json\/wp\/v2\/media\/3366"}],"wp:attachment":[{"href":"https:\/\/cjimoz.org.mz\/news\/en\/wp-json\/wp\/v2\/media?parent=3365"}],"wp:term":[{"taxonomy":"category","embeddable":true,"href":"https:\/\/cjimoz.org.mz\/news\/en\/wp-json\/wp\/v2\/categories?post=3365"},{"taxonomy":"post_tag","embeddable":true,"href":"https:\/\/cjimoz.org.mz\/news\/en\/wp-json\/wp\/v2\/tags?post=3365"}],"curies":[{"name":"wp","href":"https:\/\/api.w.org\/{rel}","templated":true}]}}