{"id":3440,"date":"2025-07-06T10:40:59","date_gmt":"2025-07-06T08:40:59","guid":{"rendered":"https:\/\/cjimoz.org.mz\/news\/?p=3440"},"modified":"2025-07-06T10:44:38","modified_gmt":"2025-07-06T08:44:38","slug":"vendedores-de-patria-mocambique","status":"publish","type":"post","link":"https:\/\/cjimoz.org.mz\/news\/en\/vendedores-de-patria-mocambique\/","title":{"rendered":"Vendedores  de p\u00e1tria  | Mo\u00e7ambique"},"content":{"rendered":"<p>Por Estacio Valoi<\/p>\n<p><a href=\"https:\/\/www.zammagazine.com\/investigations\" target=\"_blank\" rel=\"noopener\">Investigations<\/a><\/p>\n<p><strong>Governo Capturado por Lobistas<\/strong><\/p>\n<p><u>Embora muitos relat\u00f3rios exponham como multinacionais adquiriram riquezas naturais a baixo custo, polu\u00edram comunidades e exploraram trabalhadores, o papel das poderosas elites pol\u00edticas africanas em viabilizar essas pr\u00e1ticas tem recebido muito menos aten\u00e7\u00e3o. O cap\u00edtulo sobre Mo\u00e7ambique da nova investiga\u00e7\u00e3o transnacional da ZAM sobre as Trai\u00e7\u00f5es da \u00c1frica retrata uma rede bizarra de lobistas empresariais operando tanto dentro do governo quanto do partido no poder.<\/u><\/p>\n<p class=\"s14\"><span class=\"s15\">Embora muitos relat\u00f3rios exponham como multinacionais adquiriram riquezas naturais a baixo custo, polu\u00edram comunidades e exploraram trabalhadores, o papel das poderosas elites pol\u00edticas africanas em viabilizar essas pr\u00e1ticas tem recebido muito menos aten\u00e7\u00e3o. O cap\u00edtulo sobre Mo\u00e7ambique da nova investiga\u00e7\u00e3o transnacional da ZAM sobre as Trai\u00e7\u00f5es da \u00c1frica retrata uma rede bizarra de lobistas empresariais operando tanto dentro do governo quanto do partido no poder.<\/span><\/p>\n<p class=\"s14\"><span class=\"s7\">Ao almo\u00e7o em Maputo, a minha fonte &#8211; bem vestida com um fato azul, alta, com uma cabe\u00e7a um pouco quadrada e um corte \u00e0 escovinha, e que se intitula &#8220;lobista&#8221; &#8211; insiste em que n\u00e3o haja grava\u00e7\u00f5es nem men\u00e7\u00e3o do seu nome. Ele apenas explica como se torna um lobista para os muitos neg\u00f3cios celebrados entre a elite pol\u00edtica de Mo\u00e7ambique e as empresas estrangeiras que operam no pa\u00eds, predominantemente de extra\u00e7\u00e3o de recursos naturais. Embora n\u00e3o seja um homem de neg\u00f3cios, \u00e9 membro da CTA, a Confedera\u00e7\u00e3o das Associa\u00e7\u00f5es Empresariais de Mo\u00e7ambique.<\/span><\/p>\n<p class=\"s14\"><span class=\"s7\">A miss\u00e3o da CTA \u00e9 contribuir para o desenvolvimento social e econ\u00f3mico de Mo\u00e7ambique, mas a minha fonte fala de outros assuntos. &#8220;O lobby \u00e9 um trabalho&#8221;, diz. &#8220;Trabalha-se com v\u00e1rias organiza\u00e7\u00f5es, locais e estrangeiras, como facilitador. A tua base pode ser uma empresa, uma institui\u00e7\u00e3o governamental, um banco ou uma ag\u00eancia de investimento. Fazemos os neg\u00f3cios atrav\u00e9s do contacto com os l\u00edderes de todas estas<\/span><span class=\"s7\"> entidades&#8221;. \u00a0As pessoas com quem se faz &#8220;neg\u00f3cios&#8221;, explica, incluem os sucessivos presidentes de Mo\u00e7ambique-&#8220;porque eles tamb\u00e9m est\u00e3o envolvidos na promo\u00e7\u00e3o de neg\u00f3cios para satisfazer os seus pr\u00f3prios interesses&#8221;.<\/span><\/p>\n<p class=\"s17\"><strong><span class=\"s16\">O escal\u00e3o superior<\/span><\/strong><\/p>\n<p class=\"s14\"><span class=\"s7\">Com um &#8220;bom nome no que diz respeito \u00e0 confidencialidade&#8221;, acrescenta, &#8220;\u00e9 poss\u00edvel chegar aos c\u00edrculos mais altos&#8221;. Ele circula em todos esses c\u00edrculos em ocasi\u00f5es como reuni\u00f5es bilaterais, confer\u00eancias, f\u00f3runs de neg\u00f3cios e feiras comerciais. &#8220;Conhece-se os bancos, as empresas privadas e p\u00fablicas, os parceiros de coopera\u00e7\u00e3o, as multinacionais. Mas o mais importante \u00e9 manter rela\u00e7\u00f5es estreitas com o governo do momento. \u00c9 a\u00ed que se consegue apoio para incentivos, benef\u00edcios fiscais e regulamentares e licen\u00e7as (de explora\u00e7\u00e3o).&#8221;<\/span><\/p>\n<p class=\"s19\"><span class=\"s18\">&#8220;Estavam a assinar contratos nas nossas costas&#8221;<\/span><\/p>\n<p class=\"s14\"><span class=\"s7\">O meu segundo encontro no mundo do networking empresarial em Mo\u00e7ambique \u00e9 um homem, tamb\u00e9m membro da CTA, que participou na confer\u00eancia \u00c1frica-China em Pequim, em 2024. &#8220;T\u00ednhamos uma delega\u00e7\u00e3o de cerca de 30 empres\u00e1rios de Mo\u00e7ambique. Mas havia outros na delega\u00e7\u00e3o que n\u00e3o eram conhecidos como tendo neg\u00f3cios. N\u00f3s n\u00e3o os conhec\u00edamos. Quando sa\u00edmos da reuni\u00e3o, descobrimos que<\/span><span class=\"s7\">tinham assinado contratos. Mais tarde descobrimos que essas pessoas representavam diretores, ministros e outros&#8221;. <\/span><\/p>\n<p><span class=\"s7\"><img fetchpriority=\"high\" decoding=\"async\" class=\"alignnone wp-image-12687\" src=\"https:\/\/moz24h.co.mz\/wp-content\/uploads\/2025\/07\/China-Afria_summit-300x169.jpg\" alt=\"\" width=\"921\" height=\"519\" \/><\/span><span class=\"s7\">A confer\u00eancia China-\u00c1frica em Pequim, 2024. <\/span><\/p>\n<p class=\"s14\"><span class=\"s7\">Ao contr\u00e1rio do primeiro lobista, a minha segunda fonte \u00e9 um empres\u00e1rio de boa-f\u00e9 que est\u00e1 desiludido com a cultura prevalecente de acordos de bastidores. &#8220;De que serve gerir uma empresa leg\u00edtima em sectores como o g\u00e1s, o petr\u00f3leo, a explora\u00e7\u00e3o mineira, a pesca ou o processamento de madeira em Mo\u00e7ambique&#8221;, pergunta ele, &#8220;se outros se limitam a assinar contratos nas nossas costas?&#8221;<\/span><\/p>\n<p class=\"s17\"><strong><span class=\"s16\">Antigos combatentes<\/span><\/strong><\/p>\n<p class=\"s14\"><span class=\"s7\">\u00c9 nos escal\u00f5es superiores do partido no poder, a Frelimo, da sua afiliada CTA, e da pr\u00f3pria lideran\u00e7a da Frelimo que se encontram esses &#8220;outros&#8221;. Particularmente favorecido neste universo pol\u00edtico \u00e9 o Comit\u00e9 Nacional da Associa\u00e7\u00e3o dos Veteranos da Luta de Liberta\u00e7\u00e3o Nacional (ACLLN), especialmente os seus generais de topo e <\/span><span class=\"s7\">as suas<\/span><span class=\"s7\"> fam\u00edlias &#8211; figuras que tra\u00e7am a sua linhagem \u00e0 luta anticolonial contra o dom\u00ednio portugu\u00eas antes da independ\u00eancia de Mo\u00e7ambique em 1975. V\u00e1rias investiga\u00e7\u00f5es desde 2013 revelaram que grupos dos chamados &#8220;antigos combatentes&#8221; det\u00eam licen\u00e7as para a extra\u00e7\u00e3o de recursos naturais: <\/span><a href=\"https:\/\/www.africa-confidential.com\/article-preview\/id\/4860\/the-quionga-network\" target=\"_blank\" rel=\"noopener\"><span class=\"s21\">primeiro pela <\/span><span class=\"s22\">Africa Confidential <\/span><\/a><span class=\"s7\">e depois por outros, <\/span><a href=\"https:\/\/www.zammagazine.com\/images\/pdf\/documents\/African_Oligarchs.pdf\" target=\"_blank\" rel=\"noopener\"><span class=\"s21\">incluindo <\/span><span class=\"s22\">a ZAM<\/span><\/a><span class=\"s7\">. <\/span><\/p>\n<p class=\"s14\"><span class=\"s7\">Entre eles est\u00e3o o octogen\u00e1rio General Chipande, envolvido na explora\u00e7\u00e3o de g\u00e1s, no corte de madeira e na pesca; o General Pachinuapa, ligado ao com\u00e9rcio de rubis; a fam\u00edlia do falecido pol\u00edtico regional Luis Nantimbo &#8211; associado \u00e0 ACLLN e ativo no sector das pedras preciosas; e a fam\u00edlia do falecido Fernando Faustino, antigo secret\u00e1rio-geral da ACLLN e marido de Carmelita Namaswula, antiga Ministra da Educa\u00e7\u00e3o e atual Presidente do Parlamento. Quando Faustino morreu em novembro de 2024, os obitu\u00e1rios dos meios de comunica\u00e7\u00e3o social mo\u00e7ambicanos destacaram o seu papel como proeminente lobista mineiro e detentor de licen\u00e7as atrav\u00e9s da sua empresa, a Companhia Mo\u00e7ambicana de Hidrocarbonetos, uma subsidi\u00e1ria da empresa sul-africana SASOL.<\/span><\/p>\n<p><span class=\"s7\"><img decoding=\"async\" class=\"alignnone wp-image-12688\" src=\"https:\/\/moz24h.co.mz\/wp-content\/uploads\/2025\/07\/Screenshot_2025-07-04_at_115427-300x167.png\" alt=\"\" width=\"918\" height=\"511\" \/><\/span><span class=\"s7\">Captura de ecr\u00e3 de Fala Mo\u00e7ambique, reportagem sobre uma reuni\u00e3o de antigos combatentes <\/span><\/p>\n<p class=\"s14\"><span class=\"s7\">Exemplos de l\u00edderes n\u00e3o militares da Frelimo proeminentes no mundo dos neg\u00f3cios incluem o antigo Ministro da Agricultura Jos\u00e9 Pacheco, o <\/span><a href=\"https:\/\/www.zammagazine.com\/images\/pdf\/documents\/African_Oligarchs.pdf\" target=\"_blank\" rel=\"noopener\"><span class=\"s21\">antigo Presidente do Munic\u00edpio de Maputo David Simango <\/span><\/a><span class=\"s7\">e a fam\u00edlia do <\/span><a href=\"https:\/\/www.cipmoz.org\/pt\/2022\/10\/18\/interesses-empresariais-no-sector-mineiro-a-ascensao-de-um-empresario-chamado-cosme-jacinto-nyusi\/\" target=\"_blank\" rel=\"noopener\"><span class=\"s21\">antigo Presidente Filipe Nyusi<\/span><\/a><span class=\"s7\">. Para al\u00e9m do irm\u00e3o de Nyusi, Jacinto Cosme Nyusi, que det\u00e9m interesses mineiros, o seu filho Florindo combina alegadamente licen\u00e7as de pesca com o com\u00e9rcio de madeira.<\/span><\/p>\n<p class=\"s19\"><strong><span class=\"s18\">As autarquias locais est\u00e3o ligadas aos acionistas<\/span><\/strong><\/p>\n<p class=\"s14\"><span class=\"s7\">As actividades extractivas levadas a cabo por pessoas politicamente expostas, como as mencionadas acima, muitas vezes trazem poucos benef\u00edcios para as comunidades onde ocorrem. Em regi\u00f5es ricas em minerais como Nampula e Cabo Delgado, <\/span><span class=\"s7\">as popula\u00e7\u00f5es<\/span> <span class=\"s7\">locais <\/span><span class=\"s7\">t\u00eam sofrido frequentemente remo\u00e7\u00f5es for\u00e7adas, polui\u00e7\u00e3o ambiental e promessas de prosperidade n\u00e3o cumpridas (<\/span><a href=\"https:\/\/africasacountry.com\/2022\/03\/when-people-cough-black-stuff-comes-out)\" target=\"_blank\" rel=\"noopener\"><span class=\"s21\">ver inter alia <\/span><\/a><a href=\"https:\/\/africasacountry.com\/2022\/03\/when-people-cough-black-stuff-comes-out)\" target=\"_blank\" rel=\"noopener\"><span class=\"s21\">aqui<\/span><\/a><span class=\"s7\">).<\/span><\/p>\n<p class=\"s14\"><span class=\"s7\">Um desafio significativo surge quando pessoas politicamente expostas servem como parceiros locais de empresas extractivas estrangeiras dentro das comunidades, uma vez que estes indiv\u00edduos est\u00e3o muitas vezes intimamente ligados \u00e0s autoridades locais &#8211; ambos alinhados com o mesmo partido no poder. Nestes contextos, at\u00e9 mesmo os regulamentos fiscais que exigem que as empresas extractivas atribuam dez por cento de todos os royalties pagos \u00e0s \u00e1reas onde operam produziram <\/span><a href=\"https:\/\/www.zammagazine.com\/investigations\/1513-mozambique-the-squandered-taxes-of-montepuez\" target=\"_blank\" rel=\"noopener\"><span class=\"s21\">poucos benef\u00edcios tang\u00edveis a n\u00edvel local em Cabo Delgado<\/span><\/a><span class=\"s7\">.<\/span><\/p>\n<p class=\"s25\"><strong><span class=\"s24\">Suspeita na sala de impostos<\/span><\/strong><\/p>\n<p><span class=\"s11\">Num workshop sobre impostos realizado em Pemba, Cabo Delgado, em fevereiro de 2025, os participantes locais exigiram que todos os impostos e royalties mineiros provenientes de joint ventures entre multinacionais estrangeiras e parceiros locais fossem pagos na prov\u00edncia e gastos em consulta com as comunidades locais. Manifestaram o seu apoio \u00e0 plataforma pol\u00edtica do candidato da oposi\u00e7\u00e3o Ven\u00e2ncio Mondlane, que tinha defendido este mesmo ponto nas recentes elei\u00e7\u00f5es. \u00a0Os participantes tamb\u00e9m manifestaram profunda desconfian\u00e7a em rela\u00e7\u00e3o aos &#8220;acordos de Maputo&#8221;, referindo-se ao pagamento de impostos pelas empresas extractivas feito na capital de Mo\u00e7ambique. &#8220;Os que est\u00e3o em Maputo n\u00e3o t\u00eam controlo sobre as opera\u00e7\u00f5es da empresa no terreno e nem todas as actividades s\u00e3o declaradas&#8221;, explicou um participante. Outro participante acrescentou que suspeitava que os funcion\u00e1rios das autoridades fiscais fazem frequentemente vista grossa \u00e0s empresas que fogem \u00e0s declara\u00e7\u00f5es ou aos pagamentos. &#8220;Algumas pessoas dentro da autoridade fiscal acabam por receber pagamentos extra destes impostos&#8221;, disse ele. &#8220;Existe uma rede que facilita estes esquemas&#8221;. \u00a0No entanto, Anibal Mbalango, um funcion\u00e1rio da Autoridade Tribut\u00e1ria e organizador do workshop, rejeitou estas sugest\u00f5es, expressando fortes d\u00favidas de que os pagamentos de impostos locais pudessem ser geridos de forma eficaz fora de Maputo. Alguns meses mais tarde, Mbalango foi nomeado novo diretor nacional da Autoridade Tribut\u00e1ria de Mo\u00e7ambique.<\/span><\/p>\n<p class=\"s17\"><strong><span class=\"s16\">Caos p\u00f3s-eleitoral<\/span><\/strong><\/p>\n<p class=\"s14\"><span class=\"s7\">&#8220;O antigo Presidente Filipe Nyusi procura manter os seus la\u00e7os com o sector do petr\u00f3leo e do g\u00e1s, mas o rec\u00e9m-eleito Daniel Chapo est\u00e1 igualmente determinado a acumular riqueza. Ele apressou-se a sair de Maputo para se encontrar com empres\u00e1rios do sector mineiro, que estavam ansiosos por identificar o seu novo patrono, de acordo com uma fonte pr\u00f3xima da lideran\u00e7a de topo da Frelimo e dos &#8220;generais&#8221;. \u00a0Falando da praia de Wimbe, em Pemba, Cabo Delgado, a fonte acompanhou recentemente uma delega\u00e7\u00e3o de Maputo que visitou a prov\u00edncia para inspecionar projectos mineiros. \u00a0Esta visita acontece poucos meses depois de os resultados finais das elei\u00e7\u00f5es &#8211; amplamente considerados fraudulentos por uma popula\u00e7\u00e3o que votou esmagadoramente no candidato da oposi\u00e7\u00e3o, Ven\u00e2ncio Mondlane<\/span><a href=\"https:\/\/www.crisisgroup.org\/africa\/east-and-southern-africa\/mozambique\/what-driving-mozambi;ques-post-electoral-protests\" target=\"_blank\" rel=\"noopener\"><span class=\"s21\">, em elei\u00e7\u00f5es marcadas pela viol\u00eancia do partido no poder e at\u00e9 por assass\u00ednios &#8211; terem sido <\/span><\/a><span class=\"s7\">confirmados pelo Conselho Constitucional. A Frelimo assegurou mais uma vez o controlo do governo.<\/span><\/p>\n<p class=\"s14\"><span class=\"s7\">Mesmo com o mesmo partido novamente no poder, a fonte descreve uma luta fren\u00e9tica pelo poder no seio da elite pol\u00edtica, onde surgiram novas caras. A nova e a velha guarda da Frelimo est\u00e3o agora a travar uma batalha para manter, transferir ou reclamar as liga\u00e7\u00f5es do partido aos recursos naturais. \u00c9 uma confus\u00e3o&#8221;, admite a fonte. \u00a0Relativamente ao convite do novo presidente Chapo \u00e0s empresas mineiras para se encontrarem com ele em Cabo Delgado, ele explica que Chapo compilou uma &#8216;lista de convidados de empresas que deveriam estar presentes&#8217;. O Minist\u00e9rio dos Recursos Minerais e Energia (MIREME) foi encarregado de convidar vigorosamente os representantes destas multinacionais. Os funcion\u00e1rios foram de porta em porta para garantir a sua presen\u00e7a e at\u00e9 arranjaram um voo adicional para os transportar de Maputo para<\/span><span class=\"s7\"> Cabo Delgado, com uma viagem de regresso marcada para o mesmo dia.&#8221; (1)<\/span><\/p>\n<p class=\"s14\"><span class=\"s7\">O convite, segundo me disseram, seguiu-se a um encontro que o Chapo teve pouco depois da sua elei\u00e7\u00e3o, em fevereiro deste ano, com a ExxonMobil, o gigante da extra\u00e7\u00e3o de g\u00e1s que opera em Cabo Delgado. Posteriormente, Dan Amman, chefe mo\u00e7ambicano da ExxonMobil, reafirmou <\/span><a href=\"https:\/\/clubofmozambique.com\/news\/mozambique-exxonmobil-reaffirms-commitment-to-gas-project-in-cabo-delgado-276557\/\" target=\"_blank\" rel=\"noopener\"><span class=\"s21\">o compromisso da empresa com o projeto de g\u00e1s na regi\u00e3o<\/span><\/a><span class=\"s7\">. Acrescentou que tinha sido &#8220;um prazer&#8221; encontrar-se com Chapo.<\/span><\/p>\n<p>&nbsp;<\/p>\n<p class=\"s25\"><strong><span class=\"s24\">Medicamentos do Presidente<\/span><\/strong><\/p>\n<p><span class=\"s11\">&#8220;Em 2022-2023, durante os intensos combates com os insurrectos em Cabo Delgado, enfrent\u00e1mos uma grave escassez de medicamentos e equipamento&#8221;, diz uma fonte do departamento provincial de sa\u00fade. &#8220;Depois de v\u00e1rias tentativas, foi-nos dito que nada podia ser feito para importar os materiais porque (o ent\u00e3o ministro) Armindo Tiago &#8216;n\u00e3o tinha poder&#8217;. Todas as aprova\u00e7\u00f5es tinham de passar pelo ent\u00e3o Presidente de Mo\u00e7ambique, Filipe Jacinto Nyusi, e pelos seus aliados. T\u00ednhamos de encontrar algu\u00e9m ligado a essa rede. Assim que o encontr\u00e1mos, tivemos v\u00e1rias reuni\u00f5es em Pemba com essa pessoa. Depois encontr\u00e1mos um general que prometeu falar com Nyusi. Passaram mais duas semanas at\u00e9 que o general informou que estava a &#8220;pressionar&#8221; o Nyusi. Claro que percebemos que isso significava dinheiro. N\u00e3o sei que mais dizer&#8221;. As fontes confirmam que acabaram por receber os medicamentos.<\/span><\/p>\n<p class=\"s17\"><strong><span class=\"s16\">Mudan\u00e7a no ar<\/span><\/strong><\/p>\n<p class=\"s14\"><span class=\"s7\">No primeiro semestre de 2025, a Confedera\u00e7\u00e3o das Associa\u00e7\u00f5es Econ\u00f3micas de Mo\u00e7ambique (CTA) viu-se envolvida numa disputa interna entre o seu presidente, Agostinho Vuma, e o seu vice, \u00c1lvaro Massinga. Ambos figuras influentes do partido no poder, a Frelimo, o conflito come\u00e7ou quando Vuma<\/span><span class=\"s7\"> acusou Massinga de compra de votos, dando origem a um processo por fraude. Apesar disso, Massinga n\u00e3o foi expulso da CTA e acabou por ganhar as elei\u00e7\u00f5es da organiza\u00e7\u00e3o, fazendo campanha com uma plataforma de &#8220;mudan\u00e7a, democracia e transpar\u00eancia&#8221;.<\/span><\/p>\n<p class=\"s14\"><span class=\"s7\">Mais tarde, alguns membros da CTA disseram ter sentido que poderiam estar a ocorrer mudan\u00e7as na organiza\u00e7\u00e3o. Esta perce\u00e7\u00e3o tinha menos a ver com o pr\u00f3prio Massinga e mais com o crescente apoio ao jovem candidato Lineu Candieiro. Apesar de Candieiro n\u00e3o ter conseguido garantir a lideran\u00e7a, o seu apoio foi visto como uma fonte de esperan\u00e7a. &#8220;Lineu \u00e9, de facto, um homem de neg\u00f3cios e n\u00e3o vem das fac\u00e7\u00f5es de Vuma ou Massinga&#8221;, comentou um dos seus apoiantes. De acordo com o deputado mo\u00e7ambicano Ant\u00f3nio Muchanga, que levantou quest\u00f5es sobre os conflitos internos da CTA no parlamento, o novo presidente, Massinga, tinha sido &#8220;uma v\u00edtima&#8221; de Vuma, que alegadamente tentou remov\u00ea-lo para &#8220;proteger os seus pr\u00f3prios interesses&#8221;. O processo judicial contra Massinga ainda n\u00e3o avan\u00e7ou.<\/span><\/p>\n<p class=\"s19\"><strong><span class=\"s18\">O antigo diretor de conserva\u00e7\u00e3o est\u00e1 &#8220;desesperado&#8221;<\/span><\/strong><\/p>\n<p class=\"s14\"><span class=\"s7\">Num caso semelhante de uma v\u00edtima que se tornou vencedora, o diretor florestal de Mo\u00e7ambique, Imede Falume &#8211; anteriormente suspenso por alega\u00e7\u00f5es de explora\u00e7\u00e3o ilegal de madeira e conluio com empresas de extra\u00e7\u00e3o de madeira &#8211; foi reintegrado. <\/span><span class=\"s7\">Em entrevista \u00e0 ZAM, Falume rejeitou as acusa\u00e7\u00f5es como uma &#8220;conspira\u00e7\u00e3o contra ele&#8221; e comentou o momento &#8220;interessante&#8221; da demiss\u00e3o de Cl\u00e1udio Afonso. Afonso, o antigo diretor da Ag\u00eancia Nacional de Conserva\u00e7\u00e3o (ANAC), ter\u00e1 sido despedido sem a habitual reafecta\u00e7\u00e3o a outro cargo p\u00fablico. Em novembro passado, a <\/span><span class=\"s7\">investiga\u00e7\u00e3o <\/span><span class=\"s26\">Into the Woods <\/span><span class=\"s7\">da ZAM <\/span><span class=\"s7\">exp\u00f4s uma rede de comerciantes de madeira respons\u00e1veis pela <\/span><a href=\"https:\/\/www.zammagazine.com\/investigations\/1864-into-the-woods-ii\" target=\"_blank\" rel=\"noopener\"><span class=\"s21\">devasta\u00e7\u00e3o dos parques nacionais de Mo\u00e7ambique <\/span><\/a><span class=\"s7\">e revelou as suas liga\u00e7\u00f5es \u00e0 ANAC. Pouco tempo depois, Cl\u00e1udio Afonso foi sumariamente afastado do seu cargo.<\/span><\/p>\n<p class=\"s14\"><span class=\"s7\">As perguntas enviadas \u00e0 ANAC para verificar a demiss\u00e3o de Afonso ficaram sem resposta. No entanto, uma fonte disse \u00e0 ZAM que Afonso &#8220;tem estado a tentar recuperar o seu emprego, ou outra posi\u00e7\u00e3o dentro do Minist\u00e9rio do Ambiente. Ele tem telefonado para o gabinete do novo ministro do Ambiente, Roberto Albino, mas nada est\u00e1 a resultar. O homem est\u00e1 desesperado&#8221;.<\/span><\/p>\n<p class=\"s14\"><span class=\"s7\">Algumas fontes expressaram a opini\u00e3o de que a turbul\u00eancia no CTA e no departamento florestal sinaliza a necessidade de o partido no poder demonstrar o seu empenho no combate \u00e0 corrup\u00e7\u00e3o. Sob press\u00e3o do candidato da oposi\u00e7\u00e3o anti-corrup\u00e7\u00e3o Venancio Mondlane, o novo Presidente Daniel Chapo fez v\u00e1rias promessas para este efeito em entrevistas. No entanto, o seu recente envolvimento direto com investidores mineiros lan\u00e7ou novas d\u00favidas sobre estas garantias.<\/span><\/p>\n<p class=\"s17\"><strong><span class=\"s16\">O g\u00e9nio da indigna\u00e7\u00e3o<\/span><\/strong><\/p>\n<p class=\"s14\"><span class=\"s7\">A indigna\u00e7\u00e3o p\u00fablica que remonta \u00e0s elei\u00e7\u00f5es do ano passado em Mo\u00e7ambique pode ter desencadeado um g\u00e9nio que ser\u00e1 dif\u00edcil de voltar a p\u00f4r na garrafa. Em maio, funcion\u00e1rios do Parque Nacional das Qurimbas enviaram uma carta aberta ao rec\u00e9m-eleito presidente, Chapo, exigindo o fim da <\/span><a href=\"https:\/\/www.zammagazine.com\/investigations\/1966-mozambique-nature-park-employees-decry-plunder-in-open-letter\" target=\"_blank\" rel=\"noopener\"><span class=\"s21\">pilhagem desenfreada de madeira no seu parque<\/span><\/a><span class=\"s7\">. Al\u00e9m disso, um dos pontos centrais das alega\u00e7\u00f5es de corrup\u00e7\u00e3o de Ven\u00e2ncio Mondlane contra a Frelimo &#8211; a renova\u00e7\u00e3o opaca do contrato de concess\u00e3o entre as empresas rodovi\u00e1rias estatais sul-africanas e mo\u00e7ambicanas, prevista para 28 de fevereiro de 2028 &#8211; continua a ser uma quest\u00e3o controversa em Mo\u00e7ambique. Esta controv\u00e9rsia resulta, em grande parte, da desconfian\u00e7a generalizada do p\u00fablico em rela\u00e7\u00e3o \u00e0 Ag\u00eancia Nacional de Estradas (ANE) e \u00e0s sete empresas com as quais estabelece parcerias, incluindo a holding do antigo presidente Chissano, a SPI.<\/span><\/p>\n<p class=\"s14\"><span class=\"s7\">Outros factores incluem a not\u00f3ria falta de transpar\u00eancia em torno da documenta\u00e7\u00e3o do projeto da autoestrada e o facto de a ANE cobrar portagens &#8211; alimentando o receio generalizado de que esta seja mais uma via para os pol\u00edticos enriquecerem. Um boicote \u00e0s portagens a n\u00edvel nacional, iniciado em dezembro de 2024 pelo ent\u00e3o candidato presidencial da oposi\u00e7\u00e3o Ven\u00e2ncio Mondlane, manteve-se em vigor at\u00e9 junho de 2025, altura em que o governo anunciou que iria retomar a cobran\u00e7a de portagens a uma &#8220;taxa reduzida&#8221;.<\/span><\/p>\n<p class=\"s14\"><span class=\"s26\">Notas<\/span><\/p>\n<div class=\"s28\">1. <span class=\"s26\">Moz24h, um site gerido pelo autor desta hist\u00f3ria, Estacio Valoi, publicou e-mails de convite <\/span><a href=\"https:\/\/moz24h.co.mz\/convocatoria-relampago-de-daniel-chapo-a-mineradoras-em-cabo-delgado\/\" target=\"_blank\" rel=\"noopener\"><span class=\"s27\">alegadamente enviados pelo Minist\u00e9rio das Minas<\/span><\/a><span class=\"s26\">.<\/span><\/div>\n<p class=\"s14\"><span class=\"s26\">Pedidos de coment\u00e1rios foram enviados ao gabinete do antigo Presidente Nyusi, \u00e0 Associa\u00e7\u00e3o dos Veteranos Militares (ACLLN) e \u00e0 Frelimo. N\u00e3o foram recebidas quaisquer respostas.<\/span><\/p>\n<p><span class=\"s26\">Veja as primeiras partes desta Investiga\u00e7\u00e3o Transnacional aqui<\/span><span class=\"s26\"><br \/>\n<\/span><span class=\"s7\">Sell Outs | <\/span><a href=\"https:\/\/www.zammagazine.com\/investigations\/1987-sell-outs-africa\" target=\"_blank\" rel=\"noopener\"><span class=\"s29\">Os mecenas que fazem os acordos sobre os seus pa\u00edses<\/span><\/a><span class=\"s13\"><br \/>\n<\/span><span class=\"s7\">Z\u00e2mbia | <\/span><a href=\"https:\/\/www.zammagazine.com\/investigations\/1986-sell-outs-zambia\" target=\"_blank\" rel=\"noopener\"><span class=\"s29\">Uma classe pol\u00edtica corrupta<\/span><span class=\"s30\"><br \/>\n<\/span><\/a><span class=\"s7\">Zimbabu\u00e9 | <\/span><a href=\"https:\/\/www.zammagazine.com\/investigations\/1984-sell-outs-zimbabwe\" target=\"_blank\" rel=\"noopener\"><span class=\"s29\">Todos os minerais do presidente<\/span><\/a><\/p>\n<p>&nbsp;<\/p>","protected":false},"excerpt":{"rendered":"<p>Por Estacio Valoi Investigations Governo Capturado por Lobistas Embora muitos relat\u00f3rios exponham como multinacionais adquiriram riquezas naturais a baixo custo, polu\u00edram comunidades e exploraram trabalhadores, o papel das poderosas elites pol\u00edticas africanas em viabilizar essas pr\u00e1ticas tem recebido muito menos aten\u00e7\u00e3o. O cap\u00edtulo sobre Mo\u00e7ambique da nova investiga\u00e7\u00e3o transnacional da ZAM sobre as Trai\u00e7\u00f5es da [&hellip;]<\/p>","protected":false},"author":1,"featured_media":3438,"comment_status":"open","ping_status":"open","sticky":false,"template":"","format":"standard","meta":{"footnotes":""},"categories":[1],"tags":[],"rttpg_featured_image_url":{"full":["https:\/\/cjimoz.org.mz\/news\/wp-content\/uploads\/2025\/07\/Sell_Outs_2025.png",1920,1440,false],"landscape":["https:\/\/cjimoz.org.mz\/news\/wp-content\/uploads\/2025\/07\/Sell_Outs_2025.png",1920,1440,false],"portraits":["https:\/\/cjimoz.org.mz\/news\/wp-content\/uploads\/2025\/07\/Sell_Outs_2025.png",1920,1440,false],"thumbnail":["https:\/\/cjimoz.org.mz\/news\/wp-content\/uploads\/2025\/07\/Sell_Outs_2025-250x188.png",150,113,true],"medium":["https:\/\/cjimoz.org.mz\/news\/wp-content\/uploads\/2025\/07\/Sell_Outs_2025-400x300.png",300,225,true],"large":["https:\/\/cjimoz.org.mz\/news\/wp-content\/uploads\/2025\/07\/Sell_Outs_2025-650x488.png",650,488,true],"1536x1536":["https:\/\/cjimoz.org.mz\/news\/wp-content\/uploads\/2025\/07\/Sell_Outs_2025-1536x1152.png",1536,1152,true],"2048x2048":["https:\/\/cjimoz.org.mz\/news\/wp-content\/uploads\/2025\/07\/Sell_Outs_2025.png",1920,1440,false],"trp-custom-language-flag":["https:\/\/cjimoz.org.mz\/news\/wp-content\/uploads\/2025\/07\/Sell_Outs_2025-16x12.png",16,12,true],"post-thumbnail":["https:\/\/cjimoz.org.mz\/news\/wp-content\/uploads\/2025\/07\/Sell_Outs_2025-150x113.png",150,113,true],"retina2x":["https:\/\/cjimoz.org.mz\/news\/wp-content\/uploads\/2025\/07\/Sell_Outs_2025-800x600.png",800,600,true],"retina3x":["https:\/\/cjimoz.org.mz\/news\/wp-content\/uploads\/2025\/07\/Sell_Outs_2025-1200x900.png",1200,900,true],"retina4x":["https:\/\/cjimoz.org.mz\/news\/wp-content\/uploads\/2025\/07\/Sell_Outs_2025-1600x1200.png",1600,1200,true],"retina5x":["https:\/\/cjimoz.org.mz\/news\/wp-content\/uploads\/2025\/07\/Sell_Outs_2025.png",1920,1440,false],"retina6x":["https:\/\/cjimoz.org.mz\/news\/wp-content\/uploads\/2025\/07\/Sell_Outs_2025.png",1920,1440,false]},"rttpg_author":{"display_name":"Reda\u00e7\u00e3o CJIMOZ","author_link":"https:\/\/cjimoz.org.mz\/news\/en\/author\/hcuambe\/"},"rttpg_comment":0,"rttpg_category":"<a href=\"https:\/\/cjimoz.org.mz\/news\/en\/category\/uncategorized\/\" rel=\"category tag\">Crime Organizado<\/a>","rttpg_excerpt":"Por Estacio Valoi Investigations Governo Capturado por Lobistas Embora muitos relat\u00f3rios exponham como multinacionais adquiriram riquezas naturais a baixo custo, polu\u00edram comunidades e exploraram trabalhadores, o papel das poderosas elites pol\u00edticas africanas em viabilizar essas pr\u00e1ticas tem recebido muito menos aten\u00e7\u00e3o. O cap\u00edtulo sobre Mo\u00e7ambique da nova investiga\u00e7\u00e3o transnacional da ZAM sobre as Trai\u00e7\u00f5es da&hellip;","_links":{"self":[{"href":"https:\/\/cjimoz.org.mz\/news\/en\/wp-json\/wp\/v2\/posts\/3440"}],"collection":[{"href":"https:\/\/cjimoz.org.mz\/news\/en\/wp-json\/wp\/v2\/posts"}],"about":[{"href":"https:\/\/cjimoz.org.mz\/news\/en\/wp-json\/wp\/v2\/types\/post"}],"author":[{"embeddable":true,"href":"https:\/\/cjimoz.org.mz\/news\/en\/wp-json\/wp\/v2\/users\/1"}],"replies":[{"embeddable":true,"href":"https:\/\/cjimoz.org.mz\/news\/en\/wp-json\/wp\/v2\/comments?post=3440"}],"version-history":[{"count":1,"href":"https:\/\/cjimoz.org.mz\/news\/en\/wp-json\/wp\/v2\/posts\/3440\/revisions"}],"predecessor-version":[{"id":3441,"href":"https:\/\/cjimoz.org.mz\/news\/en\/wp-json\/wp\/v2\/posts\/3440\/revisions\/3441"}],"wp:featuredmedia":[{"embeddable":true,"href":"https:\/\/cjimoz.org.mz\/news\/en\/wp-json\/wp\/v2\/media\/3438"}],"wp:attachment":[{"href":"https:\/\/cjimoz.org.mz\/news\/en\/wp-json\/wp\/v2\/media?parent=3440"}],"wp:term":[{"taxonomy":"category","embeddable":true,"href":"https:\/\/cjimoz.org.mz\/news\/en\/wp-json\/wp\/v2\/categories?post=3440"},{"taxonomy":"post_tag","embeddable":true,"href":"https:\/\/cjimoz.org.mz\/news\/en\/wp-json\/wp\/v2\/tags?post=3440"}],"curies":[{"name":"wp","href":"https:\/\/api.w.org\/{rel}","templated":true}]}}