{"id":3464,"date":"2025-11-03T09:07:55","date_gmt":"2025-11-03T07:07:55","guid":{"rendered":"https:\/\/cjimoz.org.mz\/news\/?p=3464"},"modified":"2025-11-03T09:07:55","modified_gmt":"2025-11-03T07:07:55","slug":"mocambique-a-luta-contra-o-terrorismo-a-liberdade-e-a-justica-socioeconomica-parte-ii","status":"publish","type":"post","link":"https:\/\/cjimoz.org.mz\/news\/en\/mocambique-a-luta-contra-o-terrorismo-a-liberdade-e-a-justica-socioeconomica-parte-ii\/","title":{"rendered":"MO\u00c7AMBIQUE A Luta contra o Terrorismo, a Liberdade e a Justi\u00e7a Socioecon\u00f3mica Parte II"},"content":{"rendered":"<p>Luis Nhachote<\/p>\n<div class=\"ead-preview\"><div class=\"ead-document\" style=\"position:relative;\"><iframe src=\"\/\/docs.google.com\/viewer?url=https%3A%2F%2Fcjimoz.org.mz%2Fnews%2Fwp-content%2Fuploads%2F2025%2F11%2Fluis_nhachore_mozambique_v4.pdf&amp;embedded=true&amp;hl=en\" title=\"Embedded Document\" style=\"width:100%; height:80%; border: none;min-height:500px;\"><\/iframe><\/div><p class=\"embed_download\"><a href=\"https:\/\/cjimoz.org.mz\/news\/wp-content\/uploads\/2025\/11\/luis_nhachore_mozambique_v4.pdf\" download>Download [2.13 MB] <\/a><\/p><\/div>\n<p>RESUMO <\/p>\n<p>A guerra contra o terrorismo em Mo\u00e7ambique tem sido travada em simult\u00e2neo com a guerra contra a liberdade e a democracia. A situa\u00e7\u00e3o em Cabo Delgado tem servido como uma plataforma para securitizar a administra\u00e7\u00e3o e a forma de governar o pa\u00eds. 1 Not\u00edcias ao Minuto. \u201cMo\u00e7ambique. ONG eleva a 361 total de mortos nos protestos p\u00f3seleitorais.\u201d 18 de mar\u00e7o de 2025. https:\/\/www.noticiasaominuto.com\/mundo\/2749532\/ mocambique-ong-eleva-a-361-total-de-mortos-nos-protestos-pos-eleitorais 2 RTP\/Lusa. \u201cHot\u00e9is e restaurantes os mais afetados pela tens\u00e3o p\u00f3s-eleitoral em Mo\u00e7ambique.\u201d Via Not\u00edcias ao Minuto, 24 de fevereiro de 2025; RTP\/Lusa. \u201c<\/p>\n<p>Manifesta\u00e7\u00f5es p\u00f3s-eleitorais em Mo\u00e7ambique afetaram quase mil empresas e 17 mil empregos.\u201d Not\u00edcias ao Minuto, 2025 ; Not\u00edcias ao Minuto\/Lusa. \u201cMo\u00e7ambique. Preju\u00edzos de 456 milh\u00f5es e desempregados ap\u00f3s protestos.\u201d 9 de abril de 2025. Serviu durante o mandato do Presidente Filipe Nyusi (2015-2024) como uma plataforma de expans\u00e3o dos variados interesses econ\u00f3micos que se solidificaram \u00e0 volta da elite \u00e9tnica Makonde no poder e de terceiros, em particular a Fran\u00e7a e o Ruanda. Essa mesma elite usou a guerra como um escudo contra a liberdade de informa\u00e7\u00e3o e de imprensa. Por outro lado, expandiu as fragilidades pol\u00edticas, fraturas sociais e o d\u00e9fice democr\u00e1tico do pa\u00eds. Internamente, dentro do partido no poder a FRELIMO, serviu para pressionar e silenciar vozes contestat\u00e1rias ao desgoverno do pa\u00eds. Matou o debate interno e afirmou a autocracia tribal com o controlo total das For\u00e7as de Defesa e Seguran\u00e7a(FDS) pela tribo do presidente Filipe Jacinto Nyusi, os Makonde. Apesar da cosm\u00e9tica composi\u00e7\u00e3o dos pelouros da defesa, intelig\u00eancia e interior, na era Nyusi quem controlava os dossiers e quase sempre \u00e0 revelia dos seus incumbentes e com os seus companheiros no que passou a ser chamado de Conclave Makonde. <\/p>\n<p>Esta repress\u00e3o e a desgoverna\u00e7\u00e3o podem piorar durante a presid\u00eancia de Daniel Chapo. Desde as elei\u00e7\u00f5es de 9 de outubro de 2024 que Mo\u00e7ambique vive numa situa\u00e7\u00e3o de crise pol\u00edtica no pa\u00eds que j\u00e1 resultou em cerca de 350 mortos (algumas estat\u00edsticas indicam mais de 400).1 As manifesta\u00e7\u00f5es com \u00edndices e inusitadas formas de viol\u00eancia (viol\u00eancia urbana, policial, desobedi\u00eancia civil, desordem p\u00fablica, saques e a\u00e7\u00e3o localizada de grupos paramilitares) deixaram, al\u00e9m do rasto de mortes e milhares de feridos, v\u00e1rias infraestruturas destru\u00eddas e um pesado impacto nas economias vizinhas.2<\/p>\n<p> Neste conflito latente e de baixa intensidade que persiste no pa\u00eds as for\u00e7as de seguran\u00e7a t\u00eam sido usadas para reprimir manifesta\u00e7\u00f5es, criando um contexto securit\u00e1rio em que a oposi\u00e7\u00e3o tamb\u00e9m foi equacionada com terroristas urbanos. A c\u00e9lebre express\u00e3o de \u00c9squilo (525 &#8211; 456 a.C.) \u201cNa guerra a primeira v\u00edtima \u00e9 a verdade\u201d assenta perfeitamente no conflito que desde outubro de 2017 grassa a prov\u00edncia de Cabo Delgado. <\/p>\n<p>Nota-se do lado estatal um enorme esfor\u00e7o de omitir factos que despontam das dimens\u00f5es desta guerra, como por exemplo a continuidade do tr\u00e1fico de minerais, da droga e de esp\u00e9cies proibidas. Este relat\u00f3rio explica e analisa os contextos da viol\u00eancia extremista em Cabo Delgado e da rea\u00e7\u00e3o do Estado pelas suas institui\u00e7\u00f5es de defesa e seguran\u00e7a. Analisa brevemente as ondas conc\u00eantricas desta viol\u00eancia conjugada sobre as liberdades constitucionalmente consagradas e sobre a atividade jornal\u00edstica em espec\u00edfico.<\/p>\n<blockquote class=\"wp-embedded-content\" data-secret=\"AoL96I8FMe\"><p><a href=\"https:\/\/intelwatch.org.za\/2025\/10\/31\/mocambique-a-luta-contra-o-terrorismo-a-liberdade-e-a-justica-socioeconomica\/\" target=\"_blank\" rel=\"noopener\">MO\u00c7AMBIQUE A Luta contra o Terrorismo, a Liberdade e a Justi\u00e7a Socioecon\u00f3mica<\/a><\/p><\/blockquote>\n<p><iframe class=\"wp-embedded-content\" sandbox=\"allow-scripts\" security=\"restricted\" style=\"position: absolute; clip: rect(1px, 1px, 1px, 1px);\" title=\"&#8220;MO\u00c7AMBIQUE A Luta contra o Terrorismo, a Liberdade e a Justi\u00e7a Socioecon\u00f3mica&#8221; &#8212; Intelwatch\" src=\"https:\/\/intelwatch.org.za\/2025\/10\/31\/mocambique-a-luta-contra-o-terrorismo-a-liberdade-e-a-justica-socioeconomica\/embed\/#?secret=kSO4vw23G0#?secret=AoL96I8FMe\" data-secret=\"AoL96I8FMe\" width=\"600\" height=\"338\" frameborder=\"0\" marginwidth=\"0\" marginheight=\"0\" scrolling=\"no\"><\/iframe><\/p>","protected":false},"excerpt":{"rendered":"<p>Luis Nhachote RESUMO A guerra contra o terrorismo em Mo\u00e7ambique tem sido travada em simult\u00e2neo com a guerra contra a liberdade e a democracia. A situa\u00e7\u00e3o em Cabo Delgado tem servido como uma plataforma para securitizar a administra\u00e7\u00e3o e a forma de governar o pa\u00eds. 1 Not\u00edcias ao Minuto. \u201cMo\u00e7ambique. ONG eleva a 361 total [&hellip;]<\/p>","protected":false},"author":1,"featured_media":3465,"comment_status":"open","ping_status":"open","sticky":false,"template":"","format":"standard","meta":{"footnotes":""},"categories":[284,273,275,287],"tags":[],"rttpg_featured_image_url":{"full":["https:\/\/cjimoz.org.mz\/news\/wp-content\/uploads\/2025\/11\/Reports-6.png",1160,580,false],"landscape":["https:\/\/cjimoz.org.mz\/news\/wp-content\/uploads\/2025\/11\/Reports-6.png",1160,580,false],"portraits":["https:\/\/cjimoz.org.mz\/news\/wp-content\/uploads\/2025\/11\/Reports-6.png",1160,580,false],"thumbnail":["https:\/\/cjimoz.org.mz\/news\/wp-content\/uploads\/2025\/11\/Reports-6-250x125.png",150,75,true],"medium":["https:\/\/cjimoz.org.mz\/news\/wp-content\/uploads\/2025\/11\/Reports-6-400x200.png",300,150,true],"large":["https:\/\/cjimoz.org.mz\/news\/wp-content\/uploads\/2025\/11\/Reports-6-650x325.png",650,325,true],"1536x1536":["https:\/\/cjimoz.org.mz\/news\/wp-content\/uploads\/2025\/11\/Reports-6.png",1160,580,false],"2048x2048":["https:\/\/cjimoz.org.mz\/news\/wp-content\/uploads\/2025\/11\/Reports-6.png",1160,580,false],"trp-custom-language-flag":["https:\/\/cjimoz.org.mz\/news\/wp-content\/uploads\/2025\/11\/Reports-6-18x9.png",18,9,true],"post-thumbnail":["https:\/\/cjimoz.org.mz\/news\/wp-content\/uploads\/2025\/11\/Reports-6-150x75.png",150,75,true],"retina2x":["https:\/\/cjimoz.org.mz\/news\/wp-content\/uploads\/2025\/11\/Reports-6-800x400.png",800,400,true],"retina3x":["https:\/\/cjimoz.org.mz\/news\/wp-content\/uploads\/2025\/11\/Reports-6.png",1160,580,false],"retina4x":["https:\/\/cjimoz.org.mz\/news\/wp-content\/uploads\/2025\/11\/Reports-6.png",1160,580,false],"retina5x":["https:\/\/cjimoz.org.mz\/news\/wp-content\/uploads\/2025\/11\/Reports-6.png",1160,580,false],"retina6x":["https:\/\/cjimoz.org.mz\/news\/wp-content\/uploads\/2025\/11\/Reports-6.png",1160,580,false]},"rttpg_author":{"display_name":"Reda\u00e7\u00e3o CJIMOZ","author_link":"https:\/\/cjimoz.org.mz\/news\/en\/author\/hcuambe\/"},"rttpg_comment":0,"rttpg_category":"<a href=\"https:\/\/cjimoz.org.mz\/news\/en\/category\/analise\/\" rel=\"category tag\">Analise<\/a> <a href=\"https:\/\/cjimoz.org.mz\/news\/en\/category\/direitos-humanos\/\" rel=\"category tag\">Direitos Humanos<\/a> <a href=\"https:\/\/cjimoz.org.mz\/news\/en\/category\/sociedade\/\" rel=\"category tag\">Sociedade<\/a> <a href=\"https:\/\/cjimoz.org.mz\/news\/en\/category\/terrorismo\/\" rel=\"category tag\">Terrorismo<\/a>","rttpg_excerpt":"Luis Nhachote RESUMO A guerra contra o terrorismo em Mo\u00e7ambique tem sido travada em simult\u00e2neo com a guerra contra a liberdade e a democracia. A situa\u00e7\u00e3o em Cabo Delgado tem servido como uma plataforma para securitizar a administra\u00e7\u00e3o e a forma de governar o pa\u00eds. 1 Not\u00edcias ao Minuto. \u201cMo\u00e7ambique. ONG eleva a 361 total&hellip;","_links":{"self":[{"href":"https:\/\/cjimoz.org.mz\/news\/en\/wp-json\/wp\/v2\/posts\/3464"}],"collection":[{"href":"https:\/\/cjimoz.org.mz\/news\/en\/wp-json\/wp\/v2\/posts"}],"about":[{"href":"https:\/\/cjimoz.org.mz\/news\/en\/wp-json\/wp\/v2\/types\/post"}],"author":[{"embeddable":true,"href":"https:\/\/cjimoz.org.mz\/news\/en\/wp-json\/wp\/v2\/users\/1"}],"replies":[{"embeddable":true,"href":"https:\/\/cjimoz.org.mz\/news\/en\/wp-json\/wp\/v2\/comments?post=3464"}],"version-history":[{"count":1,"href":"https:\/\/cjimoz.org.mz\/news\/en\/wp-json\/wp\/v2\/posts\/3464\/revisions"}],"predecessor-version":[{"id":3467,"href":"https:\/\/cjimoz.org.mz\/news\/en\/wp-json\/wp\/v2\/posts\/3464\/revisions\/3467"}],"wp:featuredmedia":[{"embeddable":true,"href":"https:\/\/cjimoz.org.mz\/news\/en\/wp-json\/wp\/v2\/media\/3465"}],"wp:attachment":[{"href":"https:\/\/cjimoz.org.mz\/news\/en\/wp-json\/wp\/v2\/media?parent=3464"}],"wp:term":[{"taxonomy":"category","embeddable":true,"href":"https:\/\/cjimoz.org.mz\/news\/en\/wp-json\/wp\/v2\/categories?post=3464"},{"taxonomy":"post_tag","embeddable":true,"href":"https:\/\/cjimoz.org.mz\/news\/en\/wp-json\/wp\/v2\/tags?post=3464"}],"curies":[{"name":"wp","href":"https:\/\/api.w.org\/{rel}","templated":true}]}}