{"id":2218,"date":"2018-11-20T12:26:26","date_gmt":"2018-11-20T12:26:26","guid":{"rendered":"https:\/\/cjimoz.org\/news\/?p=2218"},"modified":"2020-08-30T12:04:12","modified_gmt":"2020-08-30T10:04:12","slug":"os-excessos-dos-rebentos-presidenciais-nos-consulados-da-ii-republica","status":"publish","type":"post","link":"https:\/\/cjimoz.org.mz\/news\/os-excessos-dos-rebentos-presidenciais-nos-consulados-da-ii-republica\/","title":{"rendered":"Os excessos dos rebentos presid\u00eanciais nos consulados da II Rep\u00fablica"},"content":{"rendered":"<p><strong>Os excessos dos rebentos presid\u00eanciais nos consulados da II Rep\u00fablica<\/strong><\/p>\n<p><strong>Por Aunicio da Silva, Est\u00e1cios Valoi e Lu\u00eds Nhachote<\/strong><\/p>\n<p><strong>Com a instaura\u00e7\u00e3o da democracia multipartid\u00e1ria em Mo\u00e7ambique, na II Rep\u00fablica, depois do totalitarismo do Estado que caracterizou a governa\u00e7\u00e3o da Frelimo, com Samora Machel \u00e0 testa desse regime, parece ter sido instalado um \u201c<em>Software maligno<\/em>\u201d em parte da geneologia dos rebentos presid\u00eanciais dos sucessores do Marechal que se manifestaram \u2013 e ainda se manifestam \u2013 desde os consulados de Joaquim Chissano (18 anos), Armando Guebuza (10 anos) e, agora com Filipe Nyusi (No 4 ano do primeiro mandato).<\/strong><\/p>\n<p><strong>Intra e extra-murros, os excessos desses rebentos fomentam o incremento de espanto em v\u00e1rios quadrantes, pairando no ar a ideia de que os progenitores daqueles, enquanto mais alto magistrados da Na\u00e7\u00e3o, se demitiram da continuidade do processo de chamada de aten\u00e7\u00e3o educacional destes e, o resultado s\u00e3o os desacatos e a arrog\u00e2ncia soberba com que se comportam na sociedade contemporr\u00e2nea. \u00c9 como se o poder dos progenitores lhes fosse hereditariamente transmitidos&#8230;.<\/strong><\/p>\n<p><strong>O Centro de jornalismo Investigativo (CJI) em jeito de refrescamento da mem\u00f3ria colectiva dos seus leitores, tr\u00e1s hoje alguns epis\u00f3dios destes consulados que t\u00eam estado a ser escritos pelos filhos, com n\u00f3doas cinzentas, no melhor dos panos brancos de linho e algod\u00e3o do poder&#8230;<\/strong><\/p>\n<p>&nbsp;<\/p>\n<p>&nbsp;<\/p>\n<p><strong><u>Do inicio dos excessos no consulado de Chissano<\/u><\/strong><\/p>\n<p>&nbsp;<\/p>\n<p>Joaquim Chissano ficou o ceptro da governa\u00e7\u00e3o do pa\u00eds, em substitui\u00e7\u00e3o de Samora Machel que tombou fatalmente a bordo do Tupolev Presid\u00eancial nas colinas de Mbuzini, num acidente de via\u00e7\u00e3o em que pereceram mais 33 integrantes, todos eles oriundos de miss\u00e3o de Estado em Mbala, na Z\u00e2mbia.<\/p>\n<p>A Frelimo ainda era partido \u00fanico e, numa sess\u00e3o do Comit\u00e9 Central, em Novembro de 1986, Joaquim Chissano foi entronizado pelos seus pares do \u201cBureau Politico\u201d como presidente da Rep\u00fablica.<\/p>\n<p>Casado com Marcelina Chissano, da etnia makonde que actualmente det\u00eam as red\u00e9as do controle do Estado, Joaquim Chissano foi ministro dos Neg\u00f3cios Estrangeiros desde no primeiro governo de Samora Machel. Antes foi Primeiro ministro do Governo de Transi\u00e7\u00e3o. Pai de quatro filhos, nomeadamente Nyimpine Chissano, N\u00b4naite Chissano, Martina Chissano e Rosa Chissano, o seu primog\u00e9nito entretanto falecido prematuramente em 2007, entrou nas parangonas da imprensa nacional por raz\u00f5es que acabaram por ter o seu progenitor no epicentro, gra\u00e7as a uma declara\u00e7\u00e3o p\u00fablica desde: \u201cO meu filho \u00e9 um empres\u00e1rio de sucesso\u201d teria dito Chissano quando questionado sobre a profus\u00e3o em espiral dos neg\u00f3cios do seu finado primog\u00e9nito.<\/p>\n<p>Essa profuss\u00e3o de neg\u00f3cios em espiral do filho, levou o seu rebento a firmar parceria empresarial com Teeren Apassamy, um \u201cempres\u00e1rio\u201d das Mauricias que esteve no epicentro de um escandalo financeiro daquela ilha no Indico ao que tudo indica sem uma pr\u00e9via <em>\u201cDue Dilligence\u201d<\/em> sobre o \u201cCV\u201d do parceiro, que mais tarde veio se a saber ser foragido da justi\u00e7a da sua terra natal!<\/p>\n<p>A 17 de Mar\u00e7o de 2001, o seman\u00e1rio Expresso que se edita em Lisboa, dava estampa uma materia intitulada: \u201cOs filhos rebeldes do Senhor Presidente\u201d. Assinada pelo jornalista Marcelo Mosse, ent\u00e3o correspondente em Maputo, o artigo dava conta que os filhos do presidente .\u201c..chamam a aten\u00e7\u00e3o da sociedade por causa das suas atitudes violentas, enriquecimento r\u00e1pido e alegado envolvimento em neg\u00f3cios obscuros.\u201d Adiantava a materia que \u201cCom a deten\u00e7\u00e3o de Nhimpine, supostamente por posse de coca\u00edna, na \u00c1frica do Sul,\u00a0&#8230; essa fama ultrapassou as fronteiras de Mo\u00e7ambique.\u201d<\/p>\n<p>Mas seria no Julgamento do jornalista Carlos Cardoso, em 2002 \u2013 que esta quarta-feira se celebram os 18 anos do seu assassinado \u2013 que o nome de Nyimpine Chissano viria a baila, por conta de conex\u00f5es com o famigerado Nini Satar <a href=\"https:\/\/cjimoz.org\/news\/como-nini-satar-se-relacionava-com-as-autoridades-policias\/\" target=\"_blank\" rel=\"noopener\">https:\/\/cjimoz.org\/news\/como-nini-satar-se-relacionava-com-as-autoridades-policias\/<\/a>que alegou que proceder\u00e1 a pagamentos ao lider do esquadr\u00e3o que matou a tiros o jornalista.<\/p>\n<p>Ficou-se a saber nesse julgamento que Anibal dos Santos Junior vulgo \u201cAnibalzinho\u201d teria sido pago para assassinar o jornalista a pedido do filho do ent\u00e3o presidente, por Nini, que afirmou em Tribunal que como Nyimpine n\u00e3o tinha dinheiro no momento este teria lhe feito um adiatamento, pagando-lhe no entanto com um cheque pr\u00e9-datado da empresa \u201cExpress Tours\u201d de que era s\u00f3cio.<\/p>\n<p>Na condi\u00e7\u00e3o de declarante arrolado nesse julgamento, Nyimpine Chissano, afirmou n\u00e3o ter nada haver com com o referido assassinato e disse alto e de viva voz que \u201c<em>n\u00e3o conhe\u00e7o<\/em>\u00a0este <em>coitado<\/em>, merit\u00edssimo\u201d, referindo-se a Carlitos Rachid o\u00a0autor confesso das saraivadas de balas assassinas da AK47 que silenciaram \u00e0 vida de um dos mais celebrados icones do jornalismo investigativo no pa\u00eds.<\/p>\n<p>Nyimpine seria mais tarde constituido arguido num processo auton\u00f3mo decorrente desse julgamento, mas tal acabou arquivado devido ao seu desaparecimento fisico e da outra figura no mesmo processo, a \u201cempres\u00e1ria\u201d Candida Cossa.<\/p>\n<p>Os excessos presid\u00eanciais do rebento do estadista que mais noites dormiu no pal\u00e1cio da ponta Vermelha e ocupou mais vezes o escrit\u00f3rio n\u00famero 2000 da avenida Julius Nyerere, foi assunto corriqueiro e de deboche, tratando-se do facto do seu primog\u00e9nito ter um pai com percursso de diplomata para chamar a um seu semelhante de \u201ccoitado\u201d! H\u00e1 que diga que esse foi o pecado do pai o ter consagrado, sem anu\u00eancia de nenhum j\u00fari o epiteto de \u201cempres\u00e1rio de sucesso\u201d!!<\/p>\n<p>&nbsp;<\/p>\n<p><strong><u>Os Guebuza e a consagra\u00e7\u00e3o presidencial<\/u><\/strong><\/p>\n<p>&nbsp;<\/p>\n<p>O antigo ministro do Interior de Samora Machel e o mais conhecido \u201ccomiss\u00e1rio pol\u00edtico\u201d da Frelimo, Armando Emilio Guebuza, ter\u00e1 emprestado uma educa\u00e7\u00e3o \u201cum pouco mais rija e com menos mimos\u201d aos seus filhos disse um coronel que trabalhou com Guebuza ao CJI.<\/p>\n<p>Talv\u00e9z, por isso, os execessos dos rebentos da sua geneologia, tinham tido exposi\u00e7\u00e3o diferente dos do seu antecessor em termos comportamentais na pra\u00e7a p\u00fablica.<\/p>\n<p>No entanto a veia empresarial de Armando Guebuza, com tent\u00e1culos em quase todas as esferas de actividade econ\u00f3mica, tenha levado a sua prole a ser escrutinada publicamente, por ter sido envolvida em negocios chorudos com o Estado de que o pai era o funcion\u00e1rio n\u00famero UM.<\/p>\n<p>&nbsp;<\/p>\n<p>Quando Guebuza ascendeu ao poder, uma das primeiras medidas foi a sua entrada na estrutura accionista da Vodacom, atrav\u00e9s da Intelec Holding que realizou os cinco porcento das ac\u00e7\u00f5es da Vodacom Mo\u00e7ambique.<\/p>\n<p>Ao longo da d\u00e9cada que dirigiu o pa\u00eds, Guebuza chamou a si a decis\u00e3o sobre os principais neg\u00f3cios do Estado e onde houve oportunidade, tratou de capitalizar a Focus 21, a Holding da sua fam\u00edlia. Numa clara imita\u00e7\u00e3o do modelo angolano do antigo presidente Jos\u00e9 Eduardo dos Santos, Guebuza entregou a lideran\u00e7a dos neg\u00f3cios da fam\u00edlia \u00e0 sua filha Valentina.<\/p>\n<p>Depois do an\u00fancio da entrega do projecto de digitaliza\u00e7\u00e3o da r\u00e1dio e televis\u00e3o em Mo\u00e7ambique ao grupo Startimes, este foi parar na Focus 21 e Valentina se tornou a PCA da empresa. A opera\u00e7\u00e3o foi avaliada em 220 milh\u00f5es de euros.<\/p>\n<p>Sem concurso p\u00fablico, a entrega deste projecto \u00e0 empresa liderada por Valentina Guebuza, foi amplamente criticada por v\u00e1rios actores das for\u00e7as vivas da sociedade. Astuto, afastou antigos parceiros e capitalizou parcerias com multinacionais, fazendo da Focus 21 o centro onde gravitava todo o investimento estrangeiro em infraestruturas de log\u00edstica.<\/p>\n<p>Mas seria depois do final da sua chacelaria que os nomes dos filhos iriam ecoar, um pouco depois do esc\u00e2ndalo da EMATUM rebentou, pouco tempo depois a imprensa internacional, principalmente os franceses, os ingleses e os norte-americanos informaram que o neg\u00f3cio n\u00e3o envolvia apenas barcos. Os jornais @verdade e Canal de Mo\u00e7ambique, num artigo co-assinado, ver aqui <a href=\"http:\/\/www.verdade.co.mz\/tema-de-fundo\/35-themadefundo\/57974-a-divida-soberana-foi-um-negocio-da-familia-guebuza-oficiais-do-sise-mint-e-do-mdn\" target=\"_blank\" rel=\"noopener\">http:\/\/www.verdade.co.mz\/tema-de-fundo\/35-themadefundo\/57974-a-divida-soberana-foi-um-negocio-da-familia-guebuza-oficiais-do-sise-mint-e-do-mdn<\/a>, deram conta da exist\u00eancia de facturas \u201cde compra de armamento que foram misturadas com os barcos para evitar questionamentos\u201d.<\/p>\n<p>\u201cO que n\u00e3o se sabia at\u00e9 aqui \u00e9 que quem esteve \u00e0 frente do expediente da compra de armamento \u00e9 o filho do ex-Presidente da Rep\u00fablica Armando Guebuza, Mussumbuluko Guebuza, conhecido como \u201cShushu\u201d no seu c\u00edrculo familiar. Atrav\u00e9s das suas duas empresas, a \u201cMsumbiji Investiments\u201d (usa a conta 44717836102 domiciliada no Standard Chartered Bank em Hong Kong) e a \u201cTimabes AG\u201d (registada no Liechtenstein onde \u00e9 titular da conta 10.359180_0.100.USD no Valartis Bank), Mussumbuluko Guebuza importou uma consider\u00e1vel quantidade de armas num processo em que tamb\u00e9m est\u00e1 envolvido o director-geral do SISE, Greg\u00f3rio Le\u00e3o, o ent\u00e3o ministro do Interior, Alberto Mondlane, e ex-ministro da Defesa, Filipe Jacinto Nyusi.\u201d Escreveram as publica\u00e7\u00f5es retromencionadas adiantando que \u201cUma das principais reuni\u00f5es realizou-se em Maio 2014 nas instala\u00e7\u00f5es da \u201cIsrael Weapon Industries\u201d (abreviadamente designada como IWI). Na referida reuni\u00e3o, Mussumbuluko Guebuza est\u00e1 acompanhado por um oficial superior do SISE, identificado pelo \u00fanico nome de Agy, que foi indicado por Greg\u00f3rio Le\u00e3o para acompanhar o filho do \u201cChefe\u201d no processo. Ap\u00f3s um breve teste do armamento, a IWI emitiu um certificado de qualifica\u00e7\u00e3o em nome de Mussumbuluko Guebuza. Quem intermediou o contacto de Mussumbuluko e os israelitas \u00e9 um cidad\u00e3o da Bielorr\u00fassia identificado pelo nome de Alex que, de resto, participou em quase todo o processo.\u201d<\/p>\n<p>Nos dias finais do seu consulado, numa entrevista ao seman\u00e1rio Domingo, Armando Guebuza deixava uma afirma\u00e7\u00e3o que foi chamada para titulo da mesma: \u201cGostava de ser lembrado como amigo do povo\u201d! Hoje Guebuza \u00e9 celebrado por um grupo selecto e o facto de ter colocado os seus filhos como \u201cconsultores\u201d de um neg\u00f3cio que se quis soberano, com todos requintes de ilegalidades faz com que aqueles que desejava ser lembrado como amigo o vejam como um vil\u00e3o e responsav\u00e9l principal do caos em que se encontra a economia nacional.<\/p>\n<p><strong><u>\u00a0<\/u><\/strong><\/p>\n<p><strong><u>Os excessos da casa dos Nyusi do menino do \u201cInstagram\u201d&#8230;<\/u><\/strong><\/p>\n<p><strong><u>\u00a0<\/u><\/strong><\/p>\n<p>Ainda na aurora da primavera do consulado do seus pai, Florindo se abeira de bater recordes em materia noticiosa, dentro e fora do pais, pelas piores raz\u00f5es.<\/p>\n<p>Figura bastante popular na rede social Istagram, Florindo Nyusi continua em voga, n\u00e3o \u00e9 pelos carros luxuosos e outras excetrecidades. O rebento de Nyusi j\u00e1 chegou a ser banido dos espa\u00e7os do Automovel Touring Clube de Mo\u00e7ambique (ATCM), conforme atesta um comunicado de imprensa daquela institui\u00e7\u00e3o: \u201cBoa Tarde, gostar\u00edamos de informar que o Sr. FLORINDO, filho de Sua Excel\u00eancia Presidente Nyusi, est\u00e1 PROIBIDO de entrar no recinto do aut\u00f3dromo do ATCM\u00a0Mo\u00e7ambique, devido a sua conduta constante de INDISCIPLINA e falta de respeito com os trabalhadores do ATCM\u00a0Mo\u00e7ambique! Sempre rodeado dos seus Seguran\u00e7as acha que pode fazer o que lhe bem apetece. N\u00e3o neste recinto, n\u00e3o \u00e9 bem vindo no Local.\u00a0Obrigado\u201d, pode ler-se no comunicado divulgado no facebook, em 2016.<\/p>\n<p>No inicio deste ano, Florindo mereceu estampa do seman\u00e1rio Canal de Mo\u00e7ambique depois desta publica\u00e7\u00e3o ter apurado que ele esteve envolvido em escarumu\u00e7as com filhos do empres\u00e1rio Salimo Abdula, actual PCA da vodacom, que teve sua casa cercada por elementos da casa militar que fazem seguran\u00e7a de Florindo Nyusi, e alguns agentes da PIC queriam os dois filhos de Salimo Abdula, por se terem envolvido em brigas de festa com Florindo.<\/p>\n<p>Ha duas semanas foi a cereja no topo do bolo, em Sandton, Johanesburgo e o jornal sul-africano Sunday World disso deu conta neste domingo. Florindo Filipe Jacinto Nyusi ter\u00e1 agredido um conhecido m\u00e9dico, o Dr. Amogelang Manganyi, e quebrado o seu celular num restaurante, antes de amea\u00e7ar explodir os seus miolos com uma arma.<\/p>\n<p>Manganyi, abriu uma queixa por intimida\u00e7\u00e3o, agress\u00e3o e danos maliciosos \u00e0 propriedade na pol\u00edcia de Parkview contra o filho do actual inquilino da ponta vermelha. Ao Sunday World, Manganyi disse que ele e seus amigos estavam a jantar num restaurante em Sandton h\u00e1 duas semanas quando ele deu a um de seus amigos seu iPhone 8 para tirar fotos deles.<\/p>\n<p>Ele disse que porque estava escuro o flash do telefone tamb\u00e9m iluminava a \u00e1rea onde Florindo e os seus guarda-costas estavam sentados. &#8220;Cerca de oito ou nove guarda-costas nos confrontaram e perguntaram porque est\u00e1vamos tirando fotos deles e do filho do presidente\u201d O m\u00e9dico disse que quando tentou investigar sobre o que estava acontecendo o rebento de Nyusi empurrou-o violentamente antes de pegar o celular jogou-o no ch\u00e3o, pisoteando-o e danificando-o.<\/p>\n<p>&#8220;Quando implorei para explicarem o que realmente estava acontecendo, o outro guarda-costas nos disse para nos afastar e nos perguntou se realmente quer\u00edamos morrer por um celular.<\/p>\n<p>O m\u00e9dico disse que ele se aproximou dos agentes de seguran\u00e7a do restaurante e pediu prote\u00e7\u00e3o, mas eles se recusaram e disseram que estavam com medo porque seu atacante era filho do presidente mo\u00e7ambicano.<\/p>\n<p>E assim, se afirmam os rebentos presidenciais!<\/p>\n<p>&nbsp;<\/p>\n","protected":false},"excerpt":{"rendered":"<p>Os excessos dos rebentos presid\u00eanciais nos consulados da II Rep\u00fablica Por Aunicio da Silva, Est\u00e1cios Valoi e Lu\u00eds Nhachote Com a instaura\u00e7\u00e3o da democracia multipartid\u00e1ria em Mo\u00e7ambique, na II Rep\u00fablica, depois do totalitarismo do Estado que caracterizou a governa\u00e7\u00e3o da Frelimo, com Samora Machel \u00e0 testa desse regime, parece ter sido instalado um \u201cSoftware maligno\u201d [&hellip;]<\/p>\n","protected":false},"author":5,"featured_media":2219,"comment_status":"open","ping_status":"open","sticky":false,"template":"","format":"standard","meta":{"footnotes":""},"categories":[275],"tags":[266],"rttpg_featured_image_url":{"full":["https:\/\/cjimoz.org.mz\/news\/wp-content\/uploads\/2018\/11\/Trio-2-e1542716898634.jpg",560,532,false],"landscape":["https:\/\/cjimoz.org.mz\/news\/wp-content\/uploads\/2018\/11\/Trio-2-e1542716898634.jpg",560,532,false],"portraits":["https:\/\/cjimoz.org.mz\/news\/wp-content\/uploads\/2018\/11\/Trio-2-e1542716898634.jpg",560,532,false],"thumbnail":["https:\/\/cjimoz.org.mz\/news\/wp-content\/uploads\/2018\/11\/Trio-2-250x238.jpg",150,143,true],"medium":["https:\/\/cjimoz.org.mz\/news\/wp-content\/uploads\/2018\/11\/Trio-2-400x380.jpg",300,285,true],"large":["https:\/\/cjimoz.org.mz\/news\/wp-content\/uploads\/2018\/11\/Trio-2-e1542716898634.jpg",560,532,false],"1536x1536":["https:\/\/cjimoz.org.mz\/news\/wp-content\/uploads\/2018\/11\/Trio-2-e1542716898634.jpg",560,532,false],"2048x2048":["https:\/\/cjimoz.org.mz\/news\/wp-content\/uploads\/2018\/11\/Trio-2-e1542716898634.jpg",560,532,false],"trp-custom-language-flag":["https:\/\/cjimoz.org.mz\/news\/wp-content\/uploads\/2018\/11\/Trio-2-e1542716898634.jpg",13,12,false],"post-thumbnail":["https:\/\/cjimoz.org.mz\/news\/wp-content\/uploads\/2018\/11\/Trio-2-150x143.jpg",150,143,true],"retina2x":["https:\/\/cjimoz.org.mz\/news\/wp-content\/uploads\/2018\/11\/Trio-2-e1542716898634.jpg",560,532,false],"retina3x":["https:\/\/cjimoz.org.mz\/news\/wp-content\/uploads\/2018\/11\/Trio-2-e1542716898634.jpg",560,532,false],"retina4x":["https:\/\/cjimoz.org.mz\/news\/wp-content\/uploads\/2018\/11\/Trio-2-e1542716898634.jpg",560,532,false],"retina5x":["https:\/\/cjimoz.org.mz\/news\/wp-content\/uploads\/2018\/11\/Trio-2-e1542716898634.jpg",560,532,false],"retina6x":["https:\/\/cjimoz.org.mz\/news\/wp-content\/uploads\/2018\/11\/Trio-2-e1542716898634.jpg",560,532,false]},"rttpg_author":{"display_name":"","author_link":"https:\/\/cjimoz.org.mz\/news\/author\/"},"rttpg_comment":0,"rttpg_category":"<a href=\"https:\/\/cjimoz.org.mz\/news\/category\/sociedade\/\" rel=\"category tag\">Sociedade<\/a>","rttpg_excerpt":"Os excessos dos rebentos presid\u00eanciais nos consulados da II Rep\u00fablica Por Aunicio da Silva, Est\u00e1cios Valoi e Lu\u00eds Nhachote Com a instaura\u00e7\u00e3o da democracia multipartid\u00e1ria em Mo\u00e7ambique, na II Rep\u00fablica, depois do totalitarismo do Estado que caracterizou a governa\u00e7\u00e3o da Frelimo, com Samora Machel \u00e0 testa desse regime, parece ter sido instalado um \u201cSoftware maligno\u201d&hellip;","_links":{"self":[{"href":"https:\/\/cjimoz.org.mz\/news\/wp-json\/wp\/v2\/posts\/2218"}],"collection":[{"href":"https:\/\/cjimoz.org.mz\/news\/wp-json\/wp\/v2\/posts"}],"about":[{"href":"https:\/\/cjimoz.org.mz\/news\/wp-json\/wp\/v2\/types\/post"}],"author":[{"embeddable":true,"href":"https:\/\/cjimoz.org.mz\/news\/wp-json\/wp\/v2\/users\/5"}],"replies":[{"embeddable":true,"href":"https:\/\/cjimoz.org.mz\/news\/wp-json\/wp\/v2\/comments?post=2218"}],"version-history":[{"count":3,"href":"https:\/\/cjimoz.org.mz\/news\/wp-json\/wp\/v2\/posts\/2218\/revisions"}],"predecessor-version":[{"id":2222,"href":"https:\/\/cjimoz.org.mz\/news\/wp-json\/wp\/v2\/posts\/2218\/revisions\/2222"}],"wp:featuredmedia":[{"embeddable":true,"href":"https:\/\/cjimoz.org.mz\/news\/wp-json\/wp\/v2\/media\/2219"}],"wp:attachment":[{"href":"https:\/\/cjimoz.org.mz\/news\/wp-json\/wp\/v2\/media?parent=2218"}],"wp:term":[{"taxonomy":"category","embeddable":true,"href":"https:\/\/cjimoz.org.mz\/news\/wp-json\/wp\/v2\/categories?post=2218"},{"taxonomy":"post_tag","embeddable":true,"href":"https:\/\/cjimoz.org.mz\/news\/wp-json\/wp\/v2\/tags?post=2218"}],"curies":[{"name":"wp","href":"https:\/\/api.w.org\/{rel}","templated":true}]}}