{"id":2299,"date":"2019-11-27T07:59:31","date_gmt":"2019-11-27T05:59:31","guid":{"rendered":"https:\/\/cjimoz.org\/news\/?p=2299"},"modified":"2020-08-30T12:04:12","modified_gmt":"2020-08-30T10:04:12","slug":"guebuza-conheceu-nhangumele-depois-da-festa-dos-seus-70-anos","status":"publish","type":"post","link":"https:\/\/cjimoz.org.mz\/news\/guebuza-conheceu-nhangumele-depois-da-festa-dos-seus-70-anos\/","title":{"rendered":"Guebuza conheceu Nhangumele depois da  festa dos seus 70 anos"},"content":{"rendered":"\n<figure class=\"wp-block-image\"><img decoding=\"async\" width=\"270\" height=\"180\" src=\"https:\/\/cjimoz.org\/news\/wp-content\/uploads\/2019\/11\/ya.jpg\" alt=\"\" class=\"wp-image-2302\"\/><figcaption>Armando Guebuza no dia do seu 70 aniversario<\/figcaption><\/figure>\n\n\n\n<p>Por Lu\u00eds Nhachote<\/p>\n\n\n\n<p><strong>Entre as v\u00e1rias declara\u00e7\u00f5es de Jean Boustani\nno seu julgamento terminado na passada sexta-feira, no tribunal de Brooklyn, em\nNova Iorque, no caso movido pela acusa\u00e7\u00e3o americana, a revela\u00e7\u00e3o da sua\nparticipa\u00e7\u00e3o no septag\u00e9ssimo anivers\u00e1rio de Guebuza e, o posterior alegado\nencontro levantam uma penumbra: que o ex-chefe de Estado conheceu T\u00e9ofilo\nNhangumele poucos dias depois do seu anivers\u00e1rio. <\/strong><\/p>\n\n\n\n<p><strong>O Centro de Jornalismo Investigativo (CJI) faz\nnesta mat\u00e9ria o <em>Fact Check*<\/em> da\ncronologia de acontecimentos que v\u00e3o das declara\u00e7\u00f5es de Jean Boustani (no\ntribunal), de Armando Guebuza (na incendi\u00e1ria reuni\u00e3o do Comite Central) e da\ncarta que T\u00e9ofilo Nhangumele (a Antonio Carlos do Ros\u00e1rio)<\/strong><\/p>\n\n\n\n<p><strong>Das declara\u00e7\u00f5es de Jean Boustani<\/strong><\/p>\n\n\n\n<p>No <em>volt face<\/em> que o levou a falar\n(aparentemente a defesa o faria no seu lugar e ele tinha o direito de se manter\ncalado, querendo) num dos momentos mais badalados do julgamento de Boustani de\n41 anos, nascido em Beirute em 1978, em plena guerra civil, numa fam\u00edlia\ncrist\u00e3 maronita, foi o seu envolvimento nas negocia\u00e7\u00f5es com T\u00e9ofilo Nhangumele\nou <em>Nguila Guidema<\/em> iniciadas em 2011.\nE, o que desse ano, foi se sucedendo a posterior at\u00e9 \u00e0 alegada ordem de\nIskandar Safa o mandar vir a Maputo em 2013 para a pomposa festa do anivers\u00e1rio\nde Guebuza &#8230;que teve as honras dos contribuintes no directo proporcionado\npela <em>Televis\u00e3o de Mo\u00e7ambique (TVM)<\/em> no\ndia 20 de Janeiro!<\/p>\n\n\n\n<p>Ap\u00f3s a\nfesta, a miss\u00e3o de Bostani seria bem sucedida, ao conseguir finalmente, se\nencontrar com Armando Guebuza, ido pela m\u00e3o de Armando Ndambi Guebuza aos\naposentos presidenciais para desbloquear os impasses que se estavam a registar.\nDe acordo com o Jean Bosutani, qual <em>mister\nmind<\/em>, dada a abertura de Guebuza no alegado encontro, revelou-lhe que havia\niniciado a negocia\u00e7\u00e3o com algu\u00e9m chamado Te\u00f3filo Nhangumele, que disse que agia\nem nome do Presidente da Rep\u00fablica e que tinha pedido 50 milh\u00f5es de d\u00f3lares que\nseriam partilhados com o Presidente.<\/p>\n\n\n\n<p>\u201cEle ficou gelado. Perguntou ao J\u00fanior, em portugu\u00eas,\nquem era esse Nhangumele. Ele respondeu que \u2018n\u00e3o sei. Foi-me apresentado pelo\nBruno Langa\u2019\u201d<\/p>\n\n\n\n<p>Foi com as\npalavras acima que Jean Boustani explicou ao juiz da avers\u00e3o do ex-estadista em\nesquemas de corrup\u00e7\u00e3o. \u201cFalei&nbsp;com o J\u00fanior e expressei a minha frustra\u00e7\u00e3o.\nDisse que \u2018j\u00e1 passam 2 anos a falar com bancos e autoridades de Abu Dhabi e\nnada avan\u00e7a. Se fosse poss\u00edvel arranjar um encontro com o seu pai para dar\nexplica\u00e7\u00e3o\u2026\u2019\u201d, contou o empregado de Iskandar Safa e executivo da Privinvest, a\nquem&nbsp;Ndambi teria prometido facilitar um encontro na festa de anivers\u00e1rio\nde Armando Guebuza, a 20 de Janeiro de 2013.<\/p>\n\n\n\n<p>\u201cEncontrei-me com o Presidente Guebuza na festa do seu\nanivers\u00e1rio. Eram 70 anos. Falei detalhadamente sobre tudo o que est\u00e1vamos a\ntentar fazer desde 2011. Enfatizei a estrat\u00e9gia de protec\u00e7\u00e3o costeira\u201d, narrou.<\/p>\n\n\n\n<p>\u201cEle disse que o projecto era bem-vindo. Falou-me da sua\nvis\u00e3o sobre Mo\u00e7ambique. Disse-me que era general e antigo combatente da luta de\nliberta\u00e7\u00e3o nacional e que agora faltava garantir a independ\u00eancia econ\u00f3mica do\npa\u00eds. Disse que estava em fim do mandato e queria deixar isso como seu legado.\nE pediu-me para ir ao seu escrit\u00f3rio no dia seguinte. E l\u00e1 fui com o Armando\u201d.<\/p>\n\n\n\n<p>No dia&nbsp;seguinte, uma segunda-feira, Boustani afirmou\nter ido ao gabinete do ent\u00e3o Presidente da Rep\u00fablica a quem informou que o\nprojecto teria andamento e que o&nbsp;<em>focal point<\/em>&nbsp;seria algu\u00e9m\ns\u00e9nior dos servi\u00e7os secretos (Ant\u00f3nio Carlos do Ros\u00e1rio) que o iria contactar.<\/p>\n\n\n\n<p>\u201cEu falei-lhe de Abu Dhabi, da rela\u00e7\u00e3o de Safa com a\nfam\u00edlia real, do valor acrescentado que a Privinvest iria trazer a Mo\u00e7ambique e\nda visita de Estado que iriamos preparar para ele em Abu Dhabi para poder\nconhecer um pouco da Privinvest, fazer o seu&nbsp;<em>due diligence<\/em>&nbsp;e\nencontrar-se com a fam\u00edlia real\u201d, contou.<\/p>\n\n\n\n<p>\u201cE ele virou-se para mim e disse: estamos a falar de\ngrandes coisas. Da seguran\u00e7a do pa\u00eds, de armas, de coisas s\u00e9rias. Ningu\u00e9m pode\nlevar um centavo, nem um! Qualquer um que pedir [suborno] venha at\u00e9 a mim e diz\nquem \u00e9\u201d, afirmou o empres\u00e1rio.<\/p>\n\n\n\n<p>Entretanto, apesar da orienta\u00e7\u00e3o de Guebuza, Jean\nBoustani disse que &#8220;ele e Iskandar Safa decidiram que a iriam pagar cinco\npor cento de todo o projecto da Proindicus a Te\u00f3filo Nhangumele e Bruno Langa,\npelo papel que estes desempenharam de levar Boustani at\u00e9 ao Ndambi Guebuza e\npor conseguinte poder&nbsp;chegar ao seu pai, Armando Guebuza\u201d. As men\u00e7\u00f5es\nretremencionadas das conversas foram transcritas dos servi\u00e7os do Centro de Integridade\nP\u00fablica (CIP) . Boustani contou ainda que no encontro realizado na Presid\u00eancia\nda Rep\u00fablica, supostamente, a 21 de Janeiro de 2013, Armando Guebuza teria formulado\ncinco pedidos a Privinvest: \u201cContribuir para melhorar a seguran\u00e7a nacional,\natrair investimento de Abu&nbsp;Dhabi para todos os sectores e n\u00e3o somente para\no sector de petr\u00f3leo e g\u00e1s, trazer investimento da Privinvest em muitos\nsectores em Mo\u00e7ambique, apoiar&nbsp;J\u00fanior a crescer como homem de neg\u00f3cios e\napoiar a Frelimo\u201d.<\/p>\n\n\n\n<p><strong>Do ulular de Armando Guebuza<\/strong><\/p>\n\n\n\n<p>O antigo presidente da Rep\u00fablica, Armando Emilio Guebuza, na cel\u00e9bre\nreuni\u00e3o do Comit\u00e9 Central da Frelimo, realizada entre 3 a 5 de Maio disse n\u00e3o\nconhecer T\u00e9ofilo Nhangumele. Guebuza respondia a uma quest\u00e3o do Osc\u00e1r Monteiro\nde como se teria deixado \u201cenganar\u201d por <em>Nguila\nGuidema<\/em> que \u00e9 tido como pe\u00e7a que ter\u00e1 estabelecido as conex\u00f5es entre as\nfiguras estrangeiras envolvidas no calote e, membros do Governo dirigido pelo\nex-presidente. Guebuza disse o seguinte se pode ouvir num \u00e1udio viral que\ninundou a pra\u00e7a: <em>\u201cO camarada \u00d3scar foi enganado para vir aqui\ndizer que eu conhe\u00e7o Nhangumele (Te\u00f3filo), que eu deixei Nhangumele enganar-me.\nEu n\u00e3o conhe\u00e7o quem \u00e9 Nhangumele, n\u00e3o trabalhou na Presid\u00eancia da Rep\u00fablica. Se\ntrabalhou foi sem meu conhecimento e aquilo que eu conhe\u00e7o de Nhangumele \u00e9\naquilo que aparece nas redes sociais e nos jornais\u201d. <\/em><\/p>\n\n\n\n<p>Armando Guebuza sublinhou repetidas vezes que <em>\u201cn\u00e3o fui enganado por ele\nporque n\u00e3o o conhe\u00e7o. A n\u00e3o ser que ele tenha encontrado outras vias para me\nenganar. Eu vi o nome de Nhangumele pela primeira vez, quando vi a lista\ndaqueles que estavam detidos<\/em>\u201d.<\/p>\n\n\n\n<p>Dai que, questionou Armando Guebuza, <em>\u201cn\u00e3o ser\u00e1 que muitos camaradas\nnossos n\u00e3o se estar\u00e3o a orientar apenas com base naquilo que l\u00ea para agravar\nsitua\u00e7\u00f5es e gerar conflitos entre n\u00f3s? Ser\u00e1 que \u00e9 o \u00d3scar sozinho que aceitou\naquilo que leu e aquilo que ouviu de que eu conhe\u00e7o Nhangumele e mais do que\nisso, que ele me orientou? Eu n\u00e3o conhe\u00e7o Nhangumele e seja o que for, n\u00e3o\npenso que seja de bom tom, virarmos as costas para frente e estarmos sempre a\npensar naquilo que aconteceu antes! Termino dizendo que eu penso que o problema\nda unidade \u00e9 muito s\u00e9rio\u201d. <\/em><\/p>\n\n\n\n<h2 class=\"wp-block-heading\">&nbsp;<\/h2>\n\n\n\n<p><strong>Da carta de um desencantado com 8.5 milh\u00f5es\nde dolares&#8230;<\/strong><\/p>\n\n\n\n<p>Numa missiva expedita a 25 de fevereiro de 2013, ao Conselho de\nAdministra\u00e7\u00e3o da Proindicus, <em>Nguila\nGuidema<\/em>, &nbsp;um inveterado por viaturas\nde alta cilindrada, exigia ser pago (mais 500.000 dol\u00e1res americanos acima dos\n8.5 que ja havia encaixado) por ter <\/p>\n\n\n\n<p><em>\u201c1.a) Venho trabalhando neste processo\ndesde finais de 2011 tendo para o efeito desenvovido todo o trabalho t\u00e9cnico\nrelativo ao projecto, incluindo as viagens necess\u00e1ria de \u201cDue diligence\u201d\u00e0\nAlemanha e Abu Dhabi\u201d. <\/em><\/p>\n\n\n\n<p>Na carta, cujo destinat\u00e1rio \u00e9 Ant\u00f3nio Carlos do Ros\u00e1rio (O Individuo A, no\nrelat\u00f3rio da Kroll), Nhagumele \u00e9 explicito na cobran\u00e7a do que achava que lhe\nera devido por <\/p>\n\n\n\n<p><em>\u201c2.b)\nElaborei e defendi a motiva\u00e7\u00e3o perante Suas; Excelencias os titulares das For\u00e7as de Defesa e\nSeguran\u00e7a e perante sua Excel\u00eancia o Presidente da Rep\u00fablica para a aprova\u00e7\u00e3o\ndo projecto ( Nota do Editor, o\nsublinhado \u00e9 da nossa responsabilidade editorial). <\/em><\/p>\n\n\n\n<p>Este facto deixa cair por terra as lamenta\u00e7\u00f5es de Armando Emilio Guebuza\nproferidas em Maio na Matola. N\u00e3o h\u00e1 ranger de dentes que o desminta. <\/p>\n\n\n\n<p>Prossegue Nhangumele na missiva dizendo que:<\/p>\n\n\n\n<p><em>&#8220;3.c)Trabalhei na identifica\u00e7\u00e3o do\nfinanciamento para tornar este projecto financeirmante poss\u00edvel. <\/em><\/p>\n\n\n\n<p><em>4.d) Criei e registei o nome Proindicus\ne participei na cria\u00e7\u00e3o da empresa <\/em><\/p>\n\n\n\n<p><em>5.e) Custeei todas as despesas\nrelativas ao transporte pessoal, impress\u00e3o de documenta\u00e7\u00e3o, duplica\u00e7\u00e3o e\nencaderna\u00e7\u00e3o de todas as v\u00e1rias apresenta\u00e7\u00f5es feitas, a todos os n\u00edveis para\ntornar este projecto poss\u00edvel.&#8221; <\/em><\/p>\n\n\n\n<p>A 24 de Abril de 2013, portanto dois meses e um dia depois, Ros\u00e1rio na\nqualidade de PCA da Proidicus indeferiu o pedido do Nhangumele com a\njustifica\u00e7\u00e3o de n\u00e3o era da responsabilidade da empresa pagar lhe \u201ca renumera\u00e7ao\npretendida em virtude da empresa ter sido constituida posteriormente \u00e0\nrealiza\u00e7ao do referido trabalho\u201d&#8230;&#8230;<\/p>\n\n\n\n<p>Entre a data que Nguila\nGuidema exige ser pago (25 de Fevereiro, mostra que da data em que Jean\nBoustani alega ter ido ao Papa Guebuza (20 e 21 de Janeiro) o intervalo \u00e9 muito\nr\u00e1pido (34) dias onde estes estabeleceram contacto. <\/p>\n\n\n\n<p>Fica deste modo explicito\nque a consagra\u00e7\u00e3o dos alegados pr\u00f3positos de \u201cdefesa da soberania\u201d passou a ser\num assunto de \u201curgencia, urgentissima\u201d para o rol de intervenientes revelados\nna planilha de subornos da Privinvest. &nbsp;<\/p>\n\n\n\n<p><strong>*Fact Checking, o que \u00e9_?<\/strong><\/p>\n\n\n\n<p>O fact-checking \u00e9 uma\nchecagem de fatos, isto \u00e9, um confrontamento de hist\u00f3rias com dados, pesquisas\ne registros. Se um pol\u00edtico jura que nunca foi acusado de corrup\u00e7\u00e3o, h\u00e1\nregistros judiciais que ir\u00e3o atestar se \u00e9 verdade. Se o governo diz que a\ninfla\u00e7\u00e3o diminuiu, \u00e9 preciso checar nos \u00edndices se isso realmente ocorreu. E se\numa corrente diz que h\u00e1 um projeto de lei para cancelar as elei\u00e7\u00f5es, \u00e9 preciso\nconferir nas propostas em tramita\u00e7\u00e3o se essa informa\u00e7\u00e3o \u00e9 real.<\/p>\n\n\n\n<p>De acordo com a\nAg\u00eancia brasileira Publica de jornalismo investigativo, \u201cO fact-checking \u00e9 uma\nforma de qualificar o debate p\u00fablico por meio da apura\u00e7\u00e3o jornal\u00edstica\u201d. De\nchecar qual \u00e9 o grau de verdade das informa\u00e7\u00f5es. Reportagens do Buzzfeed e do\nThe Guardian, por exemplo, mostraram que boa parte do conte\u00fado compartilhado na\ninternet durante as \u00faltimas elei\u00e7\u00f5es nos Estados Unidos vieram de sites de\nnot\u00edcias falsas. Situa\u00e7\u00e3o semelhante aconteceu no Brasil na semana do\nimpeachment de Dilma Rousseff.<\/p>\n","protected":false},"excerpt":{"rendered":"<p>Por Lu\u00eds Nhachote Entre as v\u00e1rias declara\u00e7\u00f5es de Jean Boustani no seu julgamento terminado na passada sexta-feira, no tribunal de Brooklyn, em Nova Iorque, no caso movido pela acusa\u00e7\u00e3o americana, a revela\u00e7\u00e3o da sua participa\u00e7\u00e3o no septag\u00e9ssimo anivers\u00e1rio de Guebuza e, o posterior alegado encontro levantam uma penumbra: que o ex-chefe de Estado conheceu T\u00e9ofilo [&hellip;]<\/p>\n","protected":false},"author":1,"featured_media":0,"comment_status":"open","ping_status":"open","sticky":false,"template":"","format":"standard","meta":{"footnotes":""},"categories":[285],"tags":[276],"rttpg_featured_image_url":null,"rttpg_author":{"display_name":"Reda\u00e7\u00e3o CJIMOZ","author_link":"https:\/\/cjimoz.org.mz\/news\/author\/hcuambe\/"},"rttpg_comment":0,"rttpg_category":"<a href=\"https:\/\/cjimoz.org.mz\/news\/category\/fact-checking\/\" rel=\"category tag\">Fact Checking<\/a>","rttpg_excerpt":"Por Lu\u00eds Nhachote Entre as v\u00e1rias declara\u00e7\u00f5es de Jean Boustani no seu julgamento terminado na passada sexta-feira, no tribunal de Brooklyn, em Nova Iorque, no caso movido pela acusa\u00e7\u00e3o americana, a revela\u00e7\u00e3o da sua participa\u00e7\u00e3o no septag\u00e9ssimo anivers\u00e1rio de Guebuza e, o posterior alegado encontro levantam uma penumbra: que o ex-chefe de Estado conheceu T\u00e9ofilo&hellip;","_links":{"self":[{"href":"https:\/\/cjimoz.org.mz\/news\/wp-json\/wp\/v2\/posts\/2299"}],"collection":[{"href":"https:\/\/cjimoz.org.mz\/news\/wp-json\/wp\/v2\/posts"}],"about":[{"href":"https:\/\/cjimoz.org.mz\/news\/wp-json\/wp\/v2\/types\/post"}],"author":[{"embeddable":true,"href":"https:\/\/cjimoz.org.mz\/news\/wp-json\/wp\/v2\/users\/1"}],"replies":[{"embeddable":true,"href":"https:\/\/cjimoz.org.mz\/news\/wp-json\/wp\/v2\/comments?post=2299"}],"version-history":[{"count":2,"href":"https:\/\/cjimoz.org.mz\/news\/wp-json\/wp\/v2\/posts\/2299\/revisions"}],"predecessor-version":[{"id":2303,"href":"https:\/\/cjimoz.org.mz\/news\/wp-json\/wp\/v2\/posts\/2299\/revisions\/2303"}],"wp:attachment":[{"href":"https:\/\/cjimoz.org.mz\/news\/wp-json\/wp\/v2\/media?parent=2299"}],"wp:term":[{"taxonomy":"category","embeddable":true,"href":"https:\/\/cjimoz.org.mz\/news\/wp-json\/wp\/v2\/categories?post=2299"},{"taxonomy":"post_tag","embeddable":true,"href":"https:\/\/cjimoz.org.mz\/news\/wp-json\/wp\/v2\/tags?post=2299"}],"curies":[{"name":"wp","href":"https:\/\/api.w.org\/{rel}","templated":true}]}}