{"id":2428,"date":"2020-08-27T08:48:24","date_gmt":"2020-08-27T06:48:24","guid":{"rendered":"https:\/\/cjimoz.org\/news\/?p=2428"},"modified":"2020-09-23T14:50:06","modified_gmt":"2020-09-23T12:50:06","slug":"o-drama-da-guerra-em-cabo-delgado","status":"publish","type":"post","link":"https:\/\/cjimoz.org.mz\/news\/o-drama-da-guerra-em-cabo-delgado\/","title":{"rendered":"O drama da Guerra em Cabo Delgado"},"content":{"rendered":"<p>Por: Estacio Valoi<\/p>\n<p><strong>Outra vez, os actualmente denominados terroristas em mais uma recente incurs\u00e3o tomaram de assalto a vila de Moc\u00edmboa da praia do Norte de Cabo Delgado a cerca de 70 quil\u00f3metros do distrito de Palma \u2013 Afungi onde esta o maior investimento em bilh\u00f5es de d\u00f3lares na \u00e1rea do g\u00e1s natural numa corrida fren\u00e9tica entre multinacionais e governo mo\u00e7ambicano em garantir a sua parte no neg\u00f3cio do g\u00e1s e petr\u00f3leo indo ao neg\u00f3cio da guerra. <\/strong><\/p>\n<p><strong>\u00a0Cabo esquecido. J\u00e1 desde 2014 no distrito de Moc\u00edmboa da Praia j\u00e1 se falava da exist\u00eancia de c\u00e9lulas \u2018 Jihadistas\u201d segundo alguns entrevistados naquele ano naquele distrito. As autoridades, a todos os niveis foram alertadas mas fizeram \u2013 se em ouvido de mercador, \u2018 alertamos ao governo que os nossos jovens aqui de Moc\u00edmboa j\u00e1 n\u00e3o queriam seguir o nosso Isl\u00e3o, criaram um deles.\u201d As c\u00e9lulas foram crescendo, novos recrutamentos tiveram espa\u00e7o. Enquanto isto o governo mo\u00e7ambicano ia atribu\u00eddo nomes ao \u201c crocodilo,\u201d como \u2018 grupo de marginais, bandidos, malfeitores, ladroe\u2019 e outros. O n\u00famero de mortes \u2013 decapitados ia subindo, o n\u00famero de deslocados de dezenas chegava as centenas e actualmente aos milhares, o n\u00famero de infra-estruturas, idem. <\/strong><\/p>\n<p>&nbsp;<\/p>\n<p><img fetchpriority=\"high\" decoding=\"async\" class=\"alignnone size-medium wp-image-2424\" src=\"https:\/\/cjimoz.org\/news\/wp-content\/uploads\/2020\/08\/IMG_5062-400x267.jpg\" alt=\"\" width=\"300\" height=\"200\" \/><\/p>\n<p>Uma sequ\u00eancia de ataques que foram aumentando desde o primeiro ataque a Moc\u00edmboa em Outubro de 2017 e foi se alastrando para outros espa\u00e7os geogr\u00e1ficos da prov\u00edncia de Cabo Delgado adentro aos distritos de Nangade, Macomia, Muedumbe, Palma, Mueda.<\/p>\n<p>H\u00e1 guerra militarizada em Mo\u00e7ambique. Apenas dos n\u00fameros contabilizados sem mencionar os corpos sem vida que jazem pelas matas em est\u00e1gio avan\u00e7ado de putrefac\u00e7\u00e3o, as valas comuns por la existentes, as Na\u00e7\u00f5es Unidas estimam que em consequ\u00eancia desta crescente guerra existem 250.000 deslocados, o n\u00famero de mortos entre civis e militares ronda 1500 pessoas e uma serie de infra-estruturas completamente destru\u00eddas \u201c aldeias limpas, n\u00e3o esta ningu\u00e9m, todos fugiram.\u201d Especialistas, pol\u00edticos tentam lutar contra um inimigo de origem interna no seu geral com algumas ramifica\u00e7\u00f5es externas. N\u00e3o h\u00e1 clareza quando a liga\u00e7\u00e3o dos \u201c Alshabaab\u201d mo\u00e7ambicanos com os outros grupos extremistas radicais como o da Som\u00e1lia, Congo, Al-Qaed.<\/p>\n<p>O Facto \u00e9 que a partir do Rio Montepuez, Awassi, Macomia, Moc\u00edmboa, Palma at\u00e9 ao Rio Rovuma tornaram-se zonas habitadas pelos terroristas onde Moc\u00edmboa da Praia tornou \u2013 se o preferido desde 2017, e, s\u00f3 este ano, do m\u00eas de Marco ate aqui sofreu mais tr\u00eas ataques.<\/p>\n<p>Enquanto os Servi\u00e7os de Informa\u00e7\u00e3o e Segran\u00e7a do Estado (SISE), a morosidade no reconhecimento de que havia guerra no Norte de Cabo Delgado, onde militares, generais e outros indiv\u00edduos encontraram novas oportunidades para fortalecer seus saques, roubos, lavagem de dinheiro, corrup\u00e7\u00e3o, grandes contractos na protec\u00e7\u00e3o militar das multinacionais de petr\u00f3leo e g\u00e1s, na sua log\u00edstica em milh\u00f5es de d\u00f3lares, a popula\u00e7\u00e3o parecia ter sido abandonada a sua sorte.<\/p>\n<p><strong>Os Crocodilos cresceram!<\/strong><\/p>\n<p>Vieram os mercen\u00e1rios Russos da Wagner, veio a empresa de seguran\u00e7a privada sul-africana Dyck Advisor (DAG). Chegaram em processos pouco transparentes tipicos de negocios da guerra, onde o lucro esta por cima de todas as vitimas&#8230;<\/p>\n<p>Rajadas, bombardeamentos, fome afectando milhares de pessoas, sem casa, sem s\u00edtio, sem estado presente os jovens radicais \u2018crocodilos \u2018com origem em Moc\u00edmboa isto considerando epicentro cresceram v\u00e1rios ataques protagonizados por este grupo \u2018 Alshabaab\u201d Mo\u00e7ambicano. Enquanto isto em comunicados de imprensa o Governo mo\u00e7ambicano propalava a mesma mensagem \u201c a situa\u00e7\u00e3o esta controlada.\u201d<\/p>\n<p>Uma Guerra que se torna um problema deveras preocupante para os pa\u00edses da regi\u00e3o SADC, o seu escalonamento tendo em considera\u00e7\u00e3o a expans\u00e3o do extremismo isl\u00e2mico, as consequ\u00eancias nefastas que possam advir deste movimento como o qua acontece na Nig\u00e9ria com o Boko Haram. At\u00e9 aqui estima-se que desde o prel\u00fadio desta guerra em Mo\u00e7ambique 335 ataques tiveram lugar, dos mais simples aos mais intensos. Ainda sobre o mais recente ataque a Moc\u00edmboa, a tomada da Vila e do porto, um rev\u00e9s para o governo Mo\u00e7ambicano isto tomando em considera\u00e7\u00e3o a quest\u00e3o geogr\u00e1fica de Moc\u00edmboa da praia, entrada e sa\u00edda via mar\u00edtima, acesso f\u00e1cil ao mar alto, propicio para a pirataria ao longo do Canal de Mo\u00e7ambique o que tamb\u00e9m economicamente poderia vir a minar o pr\u00f3prio escoamento do g\u00e1s e n\u00e3o s\u00f3, assim como o controlo da zona costeira do distrito de Macomia ate o de Palma.<\/p>\n<p>\u201c Desta vez foram todos a correr, fugir, outros sa\u00edram de Moc\u00edmboa via, Palma, era preciso despir o uniforme militar, deitar fora a arma AK-47, andar nu para n\u00e3o ser confundido com militar ou terrorista ate chegar a Mueda. Versa um militar sobrevivente.<\/p>\n<p>Mas h\u00e1 outros factores que tornam o Cabo esquecido uma zona prop\u00edcia para esta guerra. Prov\u00edncia rica pobre com enormes reservas de recursos naturais, minerais mas que n\u00e3o beneficiam ao pr\u00f3prio povo, indo desde o contrabando de madeira, marfim em que o local na sua maioria \u2018e usado e cabe lhe a \u00ednfima parte cabendo aos \u2018King pin\u2019 o maior lucro e assim tamb\u00e9m na droga, minerais<\/p>\n<p>Exemplo: Montepuez \u2013 Namanhumbir localizado no nordeste de Mo\u00e7ambique, na prov\u00edncia de Cabo Delgado onde se encontra a maior reserva de<a href=\"https:\/\/cjimoz.org\/news\/amizade-traida-e-os-rubis-da-morte\/\" target=\"_blank\" rel=\"noopener\"> rubis<\/a>\u00a0 do mundo . \u00c9 uma corrida permanente feita por multinacionais como Fura, Montepuez Ruby Mining\/Gemfields, MUSTANG (New Energy), Gems rock, Mwiriti, grafite de Balama em Montepuez, Balama e outros distritos que controlam os solos de rubis vermelhos e outros minerais enquanto associa\u00e7\u00f5es comunit\u00e1rias locais., os cidad\u00e3os s\u00e3o deixados \u00e0 parte, sem terra para minera\u00e7\u00e3o ou agricultura. Ainda \u00e9 \u201cpromessas\u201d.<\/p>\n<p>Como o governo diz que os recursos de minerais devem primeiro beneficiar as comunidades locais, mas esta afirma\u00e7\u00e3o, na pr\u00e1tica parece desmoronar. As multinacionais e seus associados ministros, generais e outros continuam acumulando milh\u00f5es e milh\u00f5es de d\u00f3lares, alguns nem sequer pagam impostos.<\/p>\n<p>Durante a \u00faltima d\u00e9cada governa\u00e7\u00e3o do Presidente Filipe Jacinto Nyusi o \u00edndice de pobreza aumentou em Mo\u00e7ambique. \u201cEm 2016 o crescimento do PIB abrandou para 4.3% devido a uma maior restri\u00e7\u00e3o or\u00e7amental, a uma quebra do investimento directo estrangeiro e, ainda, devido \u00e0 crise da d\u00edvida \u201coculta\u201d; espera-se um aumento na ordem dos 5.5% para 2017, impulsionado pelas exporta\u00e7\u00f5es do sector extractivo.\u2022 Embora a incid\u00eancia da pobreza tenha diminu\u00eddo, o n\u00famero de pessoas pobres permanece quase o mesmo, num ambiente de crescentes desigualdades.\u2022 Um fr\u00e1gil sector industrial emprega apenas 3.2% da popula\u00e7\u00e3o e \u00e9 essencialmente composto por pequenas e microempresas (90%) \u201d conforme refere o estudo -13 PERSPETIVAS ECON\u00d3MICAS EM \u00c1FRICA\u00a9 AfDB, OECD, UNDP 2017<\/p>\n<p>Ignora-se a falta de investimentos na agricultura, mudan\u00e7as clim\u00e1ticas, inunda\u00e7\u00f5es e sistemas de sa\u00fade prec\u00e1rios, que s\u00e3o principalmente uma consequ\u00eancia da cleptocracia habitual pilhagem nos pa\u00edses africanos por trilh\u00f5es e trilh\u00f5es de d\u00f3lares americanos que desaparecem em contas no exterior. Um estado de emerg\u00eancia foi declarado em quase toda parte. Em alguns lugares, s\u00e3o necess\u00e1rios bloqueios, mesmo para quem tem dez pessoas morando juntas na mesma sala, sem \u00e1gua ou condi\u00e7\u00f5es sanit\u00e1rias e sem maneira poss\u00edvel de praticar distanciamento social, pessoas que vivem dia a dia, dependendo da compra di\u00e1ria informal e venda de mercadorias.<\/p>\n<p><img decoding=\"async\" class=\"alignnone size-medium wp-image-2425\" src=\"https:\/\/cjimoz.org\/news\/wp-content\/uploads\/2020\/08\/insurgentes-08-03-400x166.jpg\" alt=\"\" width=\"300\" height=\"125\" \/><\/p>\n<p><strong>O neg\u00f3cio da guerra em Cabo Delgado<\/strong><\/p>\n<p>A conta banc\u00e1ria n\u00famero 1041857710001, tornada p\u00fablica pelo seman\u00e1rio Canal de Mo\u00e7ambique como sendo aquela onde nela se encontra depositado o dinheiro destinado aos militares e pol\u00edcias que est\u00e3o a prestar servi\u00e7os de seguran\u00e7a para as companhias multinacionais Total e Mozambican Rovuma Venture em Cabo Delgado ostentava o nome do antigo Ministro da Defesa Nacional, Atan\u00e1sio Salvador Mtumuke. Mas agora j\u00e1 n\u00e3o. O nome desapareceu conforme apurou uma investiga\u00e7\u00e3o que est\u00e1 a ser conduzida pelo Centro de Jornalismo Investigativo (CJI) a qual mostr\u00e1vamos as provas irrefut\u00e1veis nesta mat\u00e9ria. Numa certa segunda- feira o nome do antigo ministro desaparecera da conta bancaria em causa no \u201csegredo de Estado.\u201d<\/p>\n<p>\u201c Um suposto contrato classificado confidencial entre aquelas empresas multinacionais e os minist\u00e9rios da Defesa e do Interior, tendo em vista a presta\u00e7\u00e3o de servi\u00e7os de seguran\u00e7a para aquelas multinacionais em troca de compensa\u00e7\u00f5es para os militares das For\u00e7as Armadas de Defesa de Mo\u00e7ambique e pol\u00edcias da Unidade de Interven\u00e7\u00e3o R\u00e1pida, torna-se ainda mais suspeito sen\u00e3o mesmo controvertido o facto da mesma conta banc\u00e1ria do Banco Comercial e de Investimento (BCI).\u201d<\/p>\n<p>Mas o neg\u00f3cio da guerra j\u00e1 vinha sendo feito quando militares cobravam valores monet\u00e1rios para que transportadores pudessem incluir as suas viaturas em colunas militares na travessia do troco Macomia para Auassi, zona flagelada pelos terroristas.<\/p>\n<p><strong>Nyusi fala ao banco mundial<\/strong><\/p>\n<p>Semana finda Filipe Nyusi, falando em conversa com o Presidente do Banco Mundial, David Malpass garantiu que Insurg\u00eancia n\u00e3o amea\u00e7a explora\u00e7\u00e3o de g\u00e1s em Cabo Delgado assim como disse haver evid\u00eancias de que estrangeiros est\u00e3o a treinar os insurgentes que aterrorizam a prov\u00edncia de Cabo Delgado<\/p>\n<p>&#8220;Temos sinais de envolvimento, nesta amea\u00e7a terrorista, de estrangeiros que est\u00e3o a recrutar e a treinar os jovens locais, e que tamb\u00e9m devem estar a equip\u00e1-los, porque n\u00f3s n\u00e3o sabemos como \u00e9 que eles conseguem equipamento&#8221;, afirmou.<\/p>\n<p>Tamb\u00e9m congratulou as multinacionais envolvidas no desenvolvimento do projecto de g\u00e1s natural liquefeito, nomeadamente a ExxonMobil e a Total \u00e0s for\u00e7as de defesa e seguran\u00e7a no terreno, que t\u00eam estado a conter os ataques terroristas, fazendo com que o projecto n\u00e3o esteja amea\u00e7ado.<\/p>\n<p>Facto \u2018e que enquanto o Presidente Filipe Jacinto Nyusi elogiava as mineradoras, os terroristas mais uma vez controlavam Moc\u00edmboa da Praia, vila pela terrorista tomada por quatro vezes onde i\u00e7aram suas bandeiras, permaceram, passearam sua classe durante dias, distribu\u00edram comida e avisaram a popula\u00e7\u00e3o para que se retirasse da vila \u201c aqui j\u00e1 n\u00e3o queremos ningu\u00e9m. Quando voltarmos vamos matar a todos.\u201d Mais alerta e o governo fez ouvidos de mercador.<\/p>\n<p><strong>Voltaram e tomaram n\u00e3o apenas a vila mas tamb\u00e9m o Porto de Moc\u00edmboa\u00a0 <\/strong><\/p>\n<p>N\u00e3o h\u00e1 espa\u00e7o para \u201c Grace\u201d como canta o m\u00fasico Xavier Machiana \u2013 borboletas, flores, paz. Tudo e todos sa\u00edram aos tiros, muitas mortes de militares, civis, destrui\u00e7\u00e3o total da vila \u2018 ate o que antes tinha restado, desta vez limparam tudo\u201d<\/p>\n<p>\u201c No segundo ataque em Moc\u00edmboa da Praia eu vi brancos com barba grande, parece que s\u00e3o origem isl\u00e2mica, com len\u00e7os na cabe\u00e7a eram 3 homens e 1 mulher. Na segunda vez quando invadiram estavam numa mota de 4 rodas que era nossa (policia) e atras estava uma mulher branca que segurava uma bandeira, aquela que uma vez mostraram nas redes sociais quando disseram que j\u00e1 n\u00e3o queriam ver a bandeira da Frelimo, isso no aer\u00f3dromo de Moc\u00edmboa da praia. Na terceira vez vimos tamb\u00e9m brancos que perecem os mesmos porque s\u00f3 tinha uma mulher estavam num tanque (blindado) que era nosso tamb\u00e9m, eles roubaram para circularem.<\/p>\n<p>E agora em Moc\u00edmboa da praia os insurgentes entram de casa em casa a retirar aquelas pessoas que ainda n\u00e3o querem sair de la, eles entram, chamam as pessoas para fora e la as tais pessoas quando saem encontram alguns brancos que s\u00e3o os mesmos a informar a popula\u00e7\u00e3o para sair e abandonar a vila porque eles (insurgentes) j\u00e1 ocuparam toda Moc\u00edmboa e as respectivas casas da popula\u00e7\u00e3o. Agora j\u00e1 est\u00e3o a vedar a entrada da vila de Moc\u00edmboa com rede (fence) para manter ou garantir mais restri\u00e7\u00e3o ao local.<\/p>\n<p>Em Quissanga os insurgentes despediram a popula\u00e7\u00e3o pouca que la estava, dizendo que j\u00e1 est\u00e3o a deixar aquele lugar (base) e que j\u00e1 est\u00e3o a partir para uma miss\u00e3o em Moc\u00edmboa, eram muitos mas muitos mesmo desta vez que invadiram Moc\u00edmboa, trezentos e tal militares s\u00f3 voltaram quarenta. Dizem que houve confus\u00e3o na informa\u00e7\u00e3o onde os helic\u00f3pteros chegaram a matar os militares a pensar que s\u00e3o os insurgentes.<\/p>\n<p><strong>Interven\u00e7\u00e3o internacional <\/strong><\/p>\n<p>Apesar do ministro mo\u00e7ambicano do Interior, Amade Miquidade e da Defesa Jaime Neto terem recentemente anunciado a morte de 50 insurgentes em duas opera\u00e7\u00f5es das For\u00e7as de Defesa e Seguran\u00e7a realizadas em Cabo Delgado, o governo reconhece que sozinho\u00a0 \u00a0n\u00e3o conseguira derrotar os terrorismos mesmo a que n\u00e3o seja abertamente \u201ca situa\u00e7\u00e3o cont\u00ednua tensa, mas as For\u00e7as de Defesa e Seguran\u00e7a est\u00e3o no terreno determinadas a n\u00e3o deixar que os terroristas ponham em causa a soberania nacional \u201cO Estado tomar\u00e1 medidas para que que este problema n\u00e3o arraste para outras regi\u00f5es\u201d e, sobre a possibilidade de declara\u00e7\u00e3o do Estado de S\u00edtio em Cabo Delgado, o ministro do Interior, Amade Miquidade, responde que isso est\u00e1 fora de quest\u00e3o. \u201cO Estado ainda continua forte para combater\u201d, disse\u00a0 Amade\u00a0 Miquidade numa conferencia de imprensa realizada no Centro Internacional de Confer\u00eancia Joaquim Chissano, em Maputo.<\/p>\n<p>Urge a interven\u00e7\u00e3o dos pa\u00edses da regi\u00e3o assim como outros nesta guerra. Mo\u00e7ambique precisa de travar o Jihadismo que pode ter a prov\u00edncia de Cabo Delgado como ponto do terrorismo para os pa\u00edses da regi\u00e3o<\/p>\n<p>\u201cO envolvimento de pa\u00edses vizinhos e da comunidade internacional na luta contra terroristas em Cabo Delgado havia sido defendido pelo chefe do comando norte-americano de Opera\u00e7\u00f5es Especiais em \u00c1frica, Dagvin Anderson, real\u00e7ando, no entanto, que a resposta aos ataques deve ser liderada por Mo\u00e7ambique.\u201d<\/p>\n<p>Antes o Secret\u00e1rio Assistente Tibor Nagy, do Centro Regional de M\u00eddia da \u00c1frica do Departamento de Estado dos EUA, numa entrevista colectiva sobre a cont\u00ednua guerra no Norte de Cabo Delgao em Mo\u00e7ambique mostrara preocupa\u00e7\u00e3o situa\u00e7\u00e3o &#8220;bastante preocupante&#8221;, crescida a partir de uma pequena regi\u00e3o movimento para um movimento muito maior. &#8221; Como exemplo, ele o comparou com o risco que o Boko Haram imp\u00f5e na Nig\u00e9ria. &#8220;O Boko Haram foi apenas um pequeno movimento e, devido \u00e0 maneira como o governo nigeriano reagiu inicialmente, ele se tornou uma amea\u00e7a muito s\u00e9ria, n\u00e3o apenas para o nordeste da Nig\u00e9ria, mas para os pa\u00edses vizinhos&#8221;. Este ano os terroristas tiveram um despedida <a href=\"https:\/\/www.moz24h.co.mz\/post\/guerra-em-cabo-delgado-malfeitores-tiveram-despedida-apote%C3%B3tica-em-mocimboa-da-praia\" target=\"_blank\" rel=\"noopener\">apoteotica<\/a>.<\/p>\n<p>&nbsp;<\/p>\n<p><strong>Propaganda <\/strong><\/p>\n<p>Sobre Cabo Delgado os terroristas v\u00e3o publicitando os seus ataques atrav\u00e9s do boletim impresso al-Naba e\/ou ISIS na tentativa de publicitar o seu alastramento para a zona da Africa Austral mas que segundo investiga\u00e7\u00f5es n\u00e3o elementos, factos que ilustram liga\u00e7\u00e3o plena com ISS, AL-Qaed e outros grupos terroristas isl\u00e2micos fora de Mo\u00e7ambique.<\/p>\n<p>&nbsp;<\/p>\n","protected":false},"excerpt":{"rendered":"<p>Por: Estacio Valoi Outra vez, os actualmente denominados terroristas em mais uma recente incurs\u00e3o tomaram de assalto a vila de Moc\u00edmboa da praia do Norte de Cabo Delgado a cerca de 70 quil\u00f3metros do distrito de Palma \u2013 Afungi onde esta o maior investimento em bilh\u00f5es de d\u00f3lares na \u00e1rea do g\u00e1s natural numa corrida [&hellip;]<\/p>\n","protected":false},"author":7,"featured_media":2424,"comment_status":"open","ping_status":"open","sticky":false,"template":"","format":"standard","meta":{"footnotes":""},"categories":[273],"tags":[266],"rttpg_featured_image_url":{"full":["https:\/\/cjimoz.org.mz\/news\/wp-content\/uploads\/2020\/08\/IMG_5062.jpg",5184,3456,false],"landscape":["https:\/\/cjimoz.org.mz\/news\/wp-content\/uploads\/2020\/08\/IMG_5062.jpg",5184,3456,false],"portraits":["https:\/\/cjimoz.org.mz\/news\/wp-content\/uploads\/2020\/08\/IMG_5062.jpg",5184,3456,false],"thumbnail":["https:\/\/cjimoz.org.mz\/news\/wp-content\/uploads\/2020\/08\/IMG_5062-250x167.jpg",150,100,true],"medium":["https:\/\/cjimoz.org.mz\/news\/wp-content\/uploads\/2020\/08\/IMG_5062-400x267.jpg",300,200,true],"large":["https:\/\/cjimoz.org.mz\/news\/wp-content\/uploads\/2020\/08\/IMG_5062-650x433.jpg",650,433,true],"1536x1536":["https:\/\/cjimoz.org.mz\/news\/wp-content\/uploads\/2020\/08\/IMG_5062.jpg",1536,1024,false],"2048x2048":["https:\/\/cjimoz.org.mz\/news\/wp-content\/uploads\/2020\/08\/IMG_5062.jpg",2048,1365,false],"trp-custom-language-flag":["https:\/\/cjimoz.org.mz\/news\/wp-content\/uploads\/2020\/08\/IMG_5062.jpg",18,12,false],"post-thumbnail":["https:\/\/cjimoz.org.mz\/news\/wp-content\/uploads\/2020\/08\/IMG_5062-150x100.jpg",150,100,true],"retina2x":["https:\/\/cjimoz.org.mz\/news\/wp-content\/uploads\/2020\/08\/IMG_5062-800x533.jpg",800,533,true],"retina3x":["https:\/\/cjimoz.org.mz\/news\/wp-content\/uploads\/2020\/08\/IMG_5062-1200x800.jpg",1200,800,true],"retina4x":["https:\/\/cjimoz.org.mz\/news\/wp-content\/uploads\/2020\/08\/IMG_5062-1600x1067.jpg",1600,1067,true],"retina5x":["https:\/\/cjimoz.org.mz\/news\/wp-content\/uploads\/2020\/08\/IMG_5062-2000x1333.jpg",2000,1333,true],"retina6x":["https:\/\/cjimoz.org.mz\/news\/wp-content\/uploads\/2020\/08\/IMG_5062-2400x1600.jpg",2400,1600,true]},"rttpg_author":{"display_name":"Luis Nhachote","author_link":"https:\/\/cjimoz.org.mz\/news\/author\/luis-nhachote\/"},"rttpg_comment":0,"rttpg_category":"<a href=\"https:\/\/cjimoz.org.mz\/news\/category\/direitos-humanos\/\" rel=\"category tag\">Direitos Humanos<\/a>","rttpg_excerpt":"Por: Estacio Valoi Outra vez, os actualmente denominados terroristas em mais uma recente incurs\u00e3o tomaram de assalto a vila de Moc\u00edmboa da praia do Norte de Cabo Delgado a cerca de 70 quil\u00f3metros do distrito de Palma \u2013 Afungi onde esta o maior investimento em bilh\u00f5es de d\u00f3lares na \u00e1rea do g\u00e1s natural numa corrida&hellip;","_links":{"self":[{"href":"https:\/\/cjimoz.org.mz\/news\/wp-json\/wp\/v2\/posts\/2428"}],"collection":[{"href":"https:\/\/cjimoz.org.mz\/news\/wp-json\/wp\/v2\/posts"}],"about":[{"href":"https:\/\/cjimoz.org.mz\/news\/wp-json\/wp\/v2\/types\/post"}],"author":[{"embeddable":true,"href":"https:\/\/cjimoz.org.mz\/news\/wp-json\/wp\/v2\/users\/7"}],"replies":[{"embeddable":true,"href":"https:\/\/cjimoz.org.mz\/news\/wp-json\/wp\/v2\/comments?post=2428"}],"version-history":[{"count":2,"href":"https:\/\/cjimoz.org.mz\/news\/wp-json\/wp\/v2\/posts\/2428\/revisions"}],"predecessor-version":[{"id":2470,"href":"https:\/\/cjimoz.org.mz\/news\/wp-json\/wp\/v2\/posts\/2428\/revisions\/2470"}],"wp:featuredmedia":[{"embeddable":true,"href":"https:\/\/cjimoz.org.mz\/news\/wp-json\/wp\/v2\/media\/2424"}],"wp:attachment":[{"href":"https:\/\/cjimoz.org.mz\/news\/wp-json\/wp\/v2\/media?parent=2428"}],"wp:term":[{"taxonomy":"category","embeddable":true,"href":"https:\/\/cjimoz.org.mz\/news\/wp-json\/wp\/v2\/categories?post=2428"},{"taxonomy":"post_tag","embeddable":true,"href":"https:\/\/cjimoz.org.mz\/news\/wp-json\/wp\/v2\/tags?post=2428"}],"curies":[{"name":"wp","href":"https:\/\/api.w.org\/{rel}","templated":true}]}}