{"id":2572,"date":"2021-02-26T11:04:31","date_gmt":"2021-02-26T09:04:31","guid":{"rendered":"https:\/\/cjimoz.org\/news\/?p=2572"},"modified":"2021-02-26T11:04:31","modified_gmt":"2021-02-26T09:04:31","slug":"mocambique-chega-ao-primeiro-ano-da-pandemia-com-600-mortes","status":"publish","type":"post","link":"https:\/\/cjimoz.org.mz\/news\/mocambique-chega-ao-primeiro-ano-da-pandemia-com-600-mortes\/","title":{"rendered":"Mo\u00e7ambique chega ao primeiro ano da pandemia com 600 mortes"},"content":{"rendered":"<p><img decoding=\"async\" class=\"alignnone size-medium wp-image-2570\" src=\"https:\/\/cjimoz.org\/news\/wp-content\/uploads\/2021\/02\/iom_moz_shelter_kit_distributions-cabo_delgado_9june2020_by_un_mozambique-helvisney_cardoso_4-400x208.jpg\" alt=\"\" width=\"300\" height=\"156\" \/><\/p>\n<p><strong>A cada 24 dias a Covid tirou a vida dum menor de 20 anos <\/strong><\/p>\n<p><strong>\u00a0<\/strong><\/p>\n<p><strong>Homens maiores de 50 anos e residentes nos principais centros urbanos s\u00e3o as principais v\u00edtimas do coronav\u00edrus. Com menos de 19 anos, em quase um ano de pandemia, s\u00f3 morreram 14 menores de 20 anos. A investiga\u00e7\u00e3o do CJI apurou que a Covid-19 \u00e9 a 12\u00aa segunda causa de morte no pa\u00eds. <\/strong><\/p>\n<p>&nbsp;<\/p>\n<p>Mo\u00e7ambique completou antes de ontem 340 dias submetido a uma ditadura sanit\u00e1ria e social por conta da Covid-19, numa evolu\u00e7\u00e3o t\u00e3o in\u00e9dita como incerta que passou muito por baixo de todos progn\u00f3sticos. No dia 31 de Mar\u00e7o de 2020, quando s\u00f3 existiam 8 casos diagnosticados no pa\u00eds, Baltazar Fael, do Centro de Integridade P\u00fablica, apontava que as restri\u00e7\u00f5es serviam para \u201cproteger um direito maior, que \u00e9 o direito \u00e0 vida\u201d. Tom\u00e1s Viera M\u00e1rio acrescentava que se tratava \u201cduma decis\u00e3o acertada\u201d. A hist\u00f3ria da Covid-19 em Mo\u00e7ambique come\u00e7a na realidade em Janeiro. Uma investiga\u00e7\u00e3o do Instituto Nacional de Sa\u00fade (INS) obteve a primeira sequ\u00eancia do genoma Sars-Cov-2 que circula no pa\u00eds. Segundo a dita an\u00e1lise, que nunca foi publicada, o novo coronav\u00edrus chegou ao pa\u00eds em 6 de Janeiro de 2020 e pertence a uma segunda gera\u00e7\u00e3o originada de um caso importado da \u00c1frica do Sul.<\/p>\n<p>&nbsp;<\/p>\n<p>Mas s\u00f3 foi a 22 de Fevereiro, \u00e0s 15h, quando o ministro da Sa\u00fade, Armindo Tiago, revelou que um homem de mais de 75 anos, que havia chegado do Reino Unido, desenvolveu sintomas. Era o primeiro caso do v\u00edrus em Mo\u00e7ambique, mas foram precisos mais de dois meses para o registo do primeiro \u00f3bito: uma crian\u00e7a de 13 anos em Nampula que padecia de doen\u00e7as cr\u00f3nicas. Nessa \u00e9poca, o mundo j\u00e1 estava oficialmente imerso na pandemia (depois da declara\u00e7\u00e3o da Organiza\u00e7\u00e3o Mundial da Sa\u00fade) e Mo\u00e7ambique come\u00e7ou a tomar medidas hist\u00f3ricas para conter o v\u00edrus: fechou fronteiras terrestres e a\u00e9reas, cancelou aulas e reuni\u00f5es. No dia 22 de Mar\u00e7o de 2020, o Presidente Filipe Nyusi, anunciou o Estado de Emerg\u00eancia em todo territ\u00f3rio nacional que se estenderia por 30 dias e resultou em tr\u00eas meses, tudo com a \u00fanica inten\u00e7\u00e3o de reduzir a intensidade com que se estava propagando um v\u00edrus que s\u00f3 tinha infectado 8 pessoas.<\/p>\n<p>&nbsp;<\/p>\n<p>Ao iniciar o m\u00eas de Julho os casos identificados superavam a barreira psicol\u00f3gica dos 1.000 e duplicaram em 4 semanas. Os primeiros 10.000 diagnosticados se completaram no dia 10 de Outubro de 2020; os 30.000, no dia 20 de Janeiro de 2021.<\/p>\n<p>Tudo isto, a um ritmo diferente segundo as prov\u00edncias. Ao mesmo tempo que se identificavam novos casos e se privavam as crian\u00e7as de frequentar o ensino, as mortes de menores representavam menos de 1% do n\u00famero total de v\u00edtimas. Ademais, morreram mais crian\u00e7as em casa, de acordo com os dados dispon\u00edveis nas actualiza\u00e7\u00f5es di\u00e1rias do MISAU, do que no per\u00edodo que frequentaram a escola. At\u00e9 o fecho desta mat\u00e9ria 74% das v\u00edtimas mortais da Covid-19 em Mo\u00e7ambique s\u00e3o maiores de 50 anos de idade. Os \u00faltimos dados em rela\u00e7\u00e3o ao n\u00famero de casos indicam uma tend\u00eancia de redu\u00e7\u00e3o do n\u00famero de casos, duma m\u00e9dia de 900 casos di\u00e1rios para 700. Inclusive o n\u00famero de mortes di\u00e1rias tamb\u00e9m reduziu.<\/p>\n<p>Para Mo\u00e7ambique, o Instituto de M\u00e9trica e Avalia\u00e7\u00e3o de Sa\u00fade (Ihme na sua sigla em ingl\u00eas) projectou alto stress hospitalar at\u00e9 1 de Junho. No fecho desta edi\u00e7\u00e3o, Mo\u00e7ambique celebrar\u00e1 o primeiro ano da pandemia com 600 mortes e uma m\u00e9dia 1,7 falecimentos por dia.<\/p>\n","protected":false},"excerpt":{"rendered":"<p>A cada 24 dias a Covid tirou a vida dum menor de 20 anos \u00a0 Homens maiores de 50 anos e residentes nos principais centros urbanos s\u00e3o as principais v\u00edtimas do coronav\u00edrus. Com menos de 19 anos, em quase um ano de pandemia, s\u00f3 morreram 14 menores de 20 anos. A investiga\u00e7\u00e3o do CJI apurou [&hellip;]<\/p>\n","protected":false},"author":1,"featured_media":2570,"comment_status":"open","ping_status":"open","sticky":false,"template":"","format":"standard","meta":{"footnotes":""},"categories":[275],"tags":[266],"rttpg_featured_image_url":{"full":["https:\/\/cjimoz.org.mz\/news\/wp-content\/uploads\/2021\/02\/iom_moz_shelter_kit_distributions-cabo_delgado_9june2020_by_un_mozambique-helvisney_cardoso_4.jpg",480,250,false],"landscape":["https:\/\/cjimoz.org.mz\/news\/wp-content\/uploads\/2021\/02\/iom_moz_shelter_kit_distributions-cabo_delgado_9june2020_by_un_mozambique-helvisney_cardoso_4.jpg",480,250,false],"portraits":["https:\/\/cjimoz.org.mz\/news\/wp-content\/uploads\/2021\/02\/iom_moz_shelter_kit_distributions-cabo_delgado_9june2020_by_un_mozambique-helvisney_cardoso_4.jpg",480,250,false],"thumbnail":["https:\/\/cjimoz.org.mz\/news\/wp-content\/uploads\/2021\/02\/iom_moz_shelter_kit_distributions-cabo_delgado_9june2020_by_un_mozambique-helvisney_cardoso_4-250x130.jpg",150,78,true],"medium":["https:\/\/cjimoz.org.mz\/news\/wp-content\/uploads\/2021\/02\/iom_moz_shelter_kit_distributions-cabo_delgado_9june2020_by_un_mozambique-helvisney_cardoso_4-400x208.jpg",300,156,true],"large":["https:\/\/cjimoz.org.mz\/news\/wp-content\/uploads\/2021\/02\/iom_moz_shelter_kit_distributions-cabo_delgado_9june2020_by_un_mozambique-helvisney_cardoso_4.jpg",480,250,false],"1536x1536":["https:\/\/cjimoz.org.mz\/news\/wp-content\/uploads\/2021\/02\/iom_moz_shelter_kit_distributions-cabo_delgado_9june2020_by_un_mozambique-helvisney_cardoso_4.jpg",480,250,false],"2048x2048":["https:\/\/cjimoz.org.mz\/news\/wp-content\/uploads\/2021\/02\/iom_moz_shelter_kit_distributions-cabo_delgado_9june2020_by_un_mozambique-helvisney_cardoso_4.jpg",480,250,false],"trp-custom-language-flag":["https:\/\/cjimoz.org.mz\/news\/wp-content\/uploads\/2021\/02\/iom_moz_shelter_kit_distributions-cabo_delgado_9june2020_by_un_mozambique-helvisney_cardoso_4.jpg",18,9,false],"post-thumbnail":["https:\/\/cjimoz.org.mz\/news\/wp-content\/uploads\/2021\/02\/iom_moz_shelter_kit_distributions-cabo_delgado_9june2020_by_un_mozambique-helvisney_cardoso_4-150x78.jpg",150,78,true],"retina2x":["https:\/\/cjimoz.org.mz\/news\/wp-content\/uploads\/2021\/02\/iom_moz_shelter_kit_distributions-cabo_delgado_9june2020_by_un_mozambique-helvisney_cardoso_4.jpg",480,250,false],"retina3x":["https:\/\/cjimoz.org.mz\/news\/wp-content\/uploads\/2021\/02\/iom_moz_shelter_kit_distributions-cabo_delgado_9june2020_by_un_mozambique-helvisney_cardoso_4.jpg",480,250,false],"retina4x":["https:\/\/cjimoz.org.mz\/news\/wp-content\/uploads\/2021\/02\/iom_moz_shelter_kit_distributions-cabo_delgado_9june2020_by_un_mozambique-helvisney_cardoso_4.jpg",480,250,false],"retina5x":["https:\/\/cjimoz.org.mz\/news\/wp-content\/uploads\/2021\/02\/iom_moz_shelter_kit_distributions-cabo_delgado_9june2020_by_un_mozambique-helvisney_cardoso_4.jpg",480,250,false],"retina6x":["https:\/\/cjimoz.org.mz\/news\/wp-content\/uploads\/2021\/02\/iom_moz_shelter_kit_distributions-cabo_delgado_9june2020_by_un_mozambique-helvisney_cardoso_4.jpg",480,250,false]},"rttpg_author":{"display_name":"Reda\u00e7\u00e3o CJIMOZ","author_link":"https:\/\/cjimoz.org.mz\/news\/author\/hcuambe\/"},"rttpg_comment":0,"rttpg_category":"<a href=\"https:\/\/cjimoz.org.mz\/news\/category\/sociedade\/\" rel=\"category tag\">Sociedade<\/a>","rttpg_excerpt":"A cada 24 dias a Covid tirou a vida dum menor de 20 anos \u00a0 Homens maiores de 50 anos e residentes nos principais centros urbanos s\u00e3o as principais v\u00edtimas do coronav\u00edrus. Com menos de 19 anos, em quase um ano de pandemia, s\u00f3 morreram 14 menores de 20 anos. A investiga\u00e7\u00e3o do CJI apurou&hellip;","_links":{"self":[{"href":"https:\/\/cjimoz.org.mz\/news\/wp-json\/wp\/v2\/posts\/2572"}],"collection":[{"href":"https:\/\/cjimoz.org.mz\/news\/wp-json\/wp\/v2\/posts"}],"about":[{"href":"https:\/\/cjimoz.org.mz\/news\/wp-json\/wp\/v2\/types\/post"}],"author":[{"embeddable":true,"href":"https:\/\/cjimoz.org.mz\/news\/wp-json\/wp\/v2\/users\/1"}],"replies":[{"embeddable":true,"href":"https:\/\/cjimoz.org.mz\/news\/wp-json\/wp\/v2\/comments?post=2572"}],"version-history":[{"count":1,"href":"https:\/\/cjimoz.org.mz\/news\/wp-json\/wp\/v2\/posts\/2572\/revisions"}],"predecessor-version":[{"id":2573,"href":"https:\/\/cjimoz.org.mz\/news\/wp-json\/wp\/v2\/posts\/2572\/revisions\/2573"}],"wp:featuredmedia":[{"embeddable":true,"href":"https:\/\/cjimoz.org.mz\/news\/wp-json\/wp\/v2\/media\/2570"}],"wp:attachment":[{"href":"https:\/\/cjimoz.org.mz\/news\/wp-json\/wp\/v2\/media?parent=2572"}],"wp:term":[{"taxonomy":"category","embeddable":true,"href":"https:\/\/cjimoz.org.mz\/news\/wp-json\/wp\/v2\/categories?post=2572"},{"taxonomy":"post_tag","embeddable":true,"href":"https:\/\/cjimoz.org.mz\/news\/wp-json\/wp\/v2\/tags?post=2572"}],"curies":[{"name":"wp","href":"https:\/\/api.w.org\/{rel}","templated":true}]}}