{"id":2662,"date":"2021-08-18T08:07:37","date_gmt":"2021-08-18T06:07:37","guid":{"rendered":"https:\/\/cjimoz.org\/news\/?p=2662"},"modified":"2021-08-18T08:07:37","modified_gmt":"2021-08-18T06:07:37","slug":"tropas-estrangeiras-em-mocambique-e-a-batalha-para-salvar-o-negocio-do-gas","status":"publish","type":"post","link":"https:\/\/cjimoz.org.mz\/news\/tropas-estrangeiras-em-mocambique-e-a-batalha-para-salvar-o-negocio-do-gas\/","title":{"rendered":"Tropas estrangeiras em Mo\u00e7ambique e a batalha para salvar o neg\u00f3cio do g\u00e1s"},"content":{"rendered":"<p><img fetchpriority=\"high\" decoding=\"async\" class=\"alignnone size-full wp-image-2660\" src=\"https:\/\/cjimoz.org\/news\/wp-content\/uploads\/2021\/08\/Tropas-Ru.jpg\" alt=\"\" width=\"860\" height=\"471\" \/><\/p>\n<p>&nbsp;<\/p>\n<p>Por Lu\u00eds Nhachote<\/p>\n<p>Mo\u00e7ambique apostou o seu futuro em novos projectos de g\u00e1s. Ent\u00e3o, impulsionados pela desigualdade e outras press\u00f5es, os insurgentes tomaram conta do norte de Mo\u00e7ambique. As companhias de g\u00e1s come\u00e7aram a se retirar. Agora, ap\u00f3s reuni\u00f5es em Kigali e Paris, for\u00e7as estrangeiras est\u00e3o protegendo as cidades que a Total e a ExxonMobile precisam que estejam seguras para manter as suas opera\u00e7\u00f5es em andamento.<\/p>\n<p>O balan\u00e7o de poder no conflicto em Cabo Delgado, norte de Mo\u00e7ambique, parece ter dado uma guinada decisiva a favor do governo ao longo do m\u00eas passado. A 8 de Agosto, um ano ap\u00f3s o abandono de Moc\u00edmboa da Praia pelas for\u00e7as mo\u00e7ambicanas, as for\u00e7as ruandesas e locais retomaram a cidade.<\/p>\n<p>A cidade, perto da fronteira norte com a Tanz\u00e2nia, tem um aeroporto e um porto estrat\u00e9gico. Sua queda para os insurgentes em Agosto passado foi um golpe simb\u00f3lico para o governo.<\/p>\n<p>Recaptur\u00e1-lo \u00e9 um golpe de rela\u00e7\u00f5es p\u00fablicas para o presidente mo\u00e7ambicano, Filipe Nyusi, Paul Kagame de Ruanda e para a Fran\u00e7a &#8211; que se acredita ter pago pelo destacamento de Ruanda. Tamb\u00e9m levanta quest\u00f5es sobre o destacamento das for\u00e7as da SADC, que ainda est\u00e1 ganhando impulso e ainda n\u00e3o teve sucesso militar.<\/p>\n<p>O r\u00e1pido avan\u00e7o das for\u00e7as ruandesas ganhou \u00edmpeto com o ataque \u00e0 cidade de Palma em Mar\u00e7o. Isso realmente concentrou mentes em Maputo e em Paris. A insurg\u00eancia j\u00e1 matou milhares de pessoas desde seu primeiro ataque \u00e0 Moc\u00edmboa da Praia, em Outubro de 2017, e tornou grande parte do litoral de Cabo Delgado inabit\u00e1vel.<\/p>\n<p>Por\u00e9m, come\u00e7ou a amea\u00e7ar o projecto de g\u00e1s no qual Mo\u00e7ambique apostou so eu futuro.<\/p>\n<p>Tendo tomado uma decis\u00e3o final de investimento no projetco de g\u00e1s natural liquefeito (GNL) em Junho de 2019, a TotalEnergies comprometeu-se a investir 20 bili\u00f5es de d\u00f5lares na extra\u00e7\u00e3o e liquefa\u00e7\u00e3o de g\u00e1s. Desse valor, 2,5 bili\u00f5es de d\u00f3alares foram destinados a bens e servi\u00e7os a serem fornecidos por empresas mo\u00e7ambicanas ao projecto, al\u00e9m de oportunidades de emprego e treinamento para cidad\u00e3os mo\u00e7ambicanos.<\/p>\n<p>No pico do projecto, espera-se a absor\u00e7\u00e3o de uma for\u00e7a de trabalho estimada em 5.000 trabalhadores mo\u00e7ambicanos. O regulador do petr\u00f3leo de Mo\u00e7ambique, INP, diz acreditar que o projecto ir\u00e1 gerar lucros de 60,8 bili\u00f5es de d\u00f3alres nos pr\u00f3ximos 20 anos, dos quais 30,9 bili\u00f5es ir\u00e3o para o estado mo\u00e7ambicano.<\/p>\n<p>O ataque de Mar\u00e7o levou a TotalEnergies a retirar todos os seus funcion\u00e1rios, dizendo que s\u00f3 voltaria quando a seguran\u00e7a fosse restaurada.<\/p>\n<p>No meio das negocia\u00e7\u00f5es com os parceiros regionais formais de Mo\u00e7ambique, os seus colegas membros da SADC, o Presidente Nyusi fez uma visita surpresa \u00e0 Kigali a 28 de Abril, para consultar o Presidente do Ruanda, Paul Kagame.<\/p>\n<p>\u201cDiscutimos a experi\u00eancia do Ruanda no combate ao terrorismo e ao extremismo violento\u201d, disse Nyusi na \u00e9poca, explicando que: \u201cRuanda desempenha um papel importante na \u00c1frica Central, junto com as for\u00e7as das Na\u00e7\u00f5es Unidas. Por isso quer\u00edamos entender como foi a experi\u00eancia \u201d.<\/p>\n<p>O destino seguinte de Nyusi, em Maio, foi Paris, onde se encontrou com a TotalEnergies e o presidente franc\u00eas, Emmanual Macron &#8211; que visitou Ruanda pouco mais de uma semana depois, para oferecer um pedido formal de desculpas pelos fracassos da Fran\u00e7a em torno do genoc\u00eddio de 1994.<\/p>\n<p>A viagem de Macron \u00e0 \u00c1frica tamb\u00e9m incluiu uma visita \u00e0 \u00c1frica do Sul, onde discutiu a inseguran\u00e7a em Cabo Delgado com o Presidente Cyril Ramaphosa.<\/p>\n<p>O que exatamente foi combinado, permanece na escurid\u00e3o. A Fran\u00e7a ainda n\u00e3o reconheceu oficialmente o seu envolvimento no destacamento de Ruanda &#8211; mas tamb\u00e9m n\u00e3o est\u00e1 a negar os muitos relatos sobre o assunto. Seu governo optou por n\u00e3o responder \u00e0s perguntas do <em>The Continent<\/em>.<\/p>\n<p>O <em>The Continent<\/em>, no entanto, ouviu de fontes diplom\u00e1ticas e governamentais em Maputo que \u00e9 de facto dinheiro franc\u00eas que est\u00e1 a pagar pelo destacamento de for\u00e7as ruandesas. A Fran\u00e7a tamb\u00e9m tem um hist\u00f3rico de intromiss\u00e3o em pa\u00edses da \u00c1frica para o benef\u00edcio de suas pr\u00f3prias corpora\u00e7\u00f5es, assim como dos seus pares na Europa, China e Estados Unidos.<\/p>\n<p><strong>Tropas ruandesas primeiro, SADC depois<\/strong><\/p>\n<p>O sucesso das tropas ruandesas foi confirmado na tarde de domingo por um tweet do Minist\u00e9rio da Defesa ruand\u00eas ap\u00f3s a captura de Mocimboa da Praia, que ficou deserta depois que tropas ruandesas e mo\u00e7ambicanas conquistaram uma base insurgente na aldeia de Awasse, a 41 km para o interior de Moc\u00edmboa.<\/p>\n<p>Em confer\u00eancia de imprensa ainda no domingo, o porta-voz militar de Mo\u00e7ambique, coronel Omar Saranga, disse que \u201cas For\u00e7as Conjuntas &#8211; Mo\u00e7ambique e Ruanda, controlam a cidade de Moc\u00edmboa da Praia desde as 11h de hoje, 8 de Agosto de 2021\u201d, acrescentando que a For\u00e7a Conjunta havia assumido o controle de &#8220;edif\u00edcios do governo local, o porto, aeroporto, hospital, mercados, estabelecimentos hoteleiros e outros objectos econ\u00f4micos&#8221;.<\/p>\n<p>Uma fonte do batalh\u00e3o de franco-atiradores do ex\u00e9rcito mo\u00e7ambicano, disse ao <em>The Continent<\/em> na semana passada que o sucesso dos ruandeses se deve ao \u201calto uso da tecnologia. Os colegas ruandeses usam drones que, al\u00e9m da vigil\u00e2ncia, funcionam como armas \u201d.<\/p>\n<p>Para al\u00e9m da for\u00e7a conjunta vinda de Awasse \u00e0 Oeste, outro grupo desceu do distrito de Palma, onde as tropas ruandesas t\u00eam vindo a refor\u00e7ar as posi\u00e7\u00f5es mo\u00e7ambicanas em torno do projecto de g\u00e1s natural liderado pela gigante franc\u00eas da energia, TotalEnergies.<\/p>\n<p>Fontes militares acreditam que, com a recupera\u00e7\u00e3o de Moc\u00edmboa, est\u00e1 agora aberto o caminho para um assalto \u00e0 chamada base &#8220;Siria&#8221; &#8211; cerca de 110 km a sul de Awasse, no distrito de Macomia &#8211; descrita como a base central dos insurgentes.<\/p>\n<p>A for\u00e7a SAMIM (Miss\u00e3o Militar da SADC), que at\u00e9 agora soma menos de 1.000 militares destacados por Ruanda, ser\u00e1 encarregada de garantir que o territ\u00f3rio conquistado pelos ruandeses permane\u00e7a fora do controle inimigo &#8211; uma tarefa cuja import\u00e2ncia e dificuldade foram enfatizadas por Nyusi no lan\u00e7amento da miss\u00e3o na segunda-feira, 9 de Agosto &#8211; um dia ap\u00f3s a retomada de Moc\u00edmboa. Mas o trabalho de maior perfil, de engajar os insurgentes em ac\u00e7\u00f5es ofensivas, continua sendo do dom\u00ednio dos ruandeses.<\/p>\n<p>O artido original, em ingles, foi inicialmente publicado na Africa do Sul no <a href=\"https:\/\/mg.co.za\/thecontinent\/\" target=\"_blank\" rel=\"noopener\">The Continent<\/a><\/p>\n","protected":false},"excerpt":{"rendered":"<p>&nbsp; Por Lu\u00eds Nhachote Mo\u00e7ambique apostou o seu futuro em novos projectos de g\u00e1s. Ent\u00e3o, impulsionados pela desigualdade e outras press\u00f5es, os insurgentes tomaram conta do norte de Mo\u00e7ambique. As companhias de g\u00e1s come\u00e7aram a se retirar. Agora, ap\u00f3s reuni\u00f5es em Kigali e Paris, for\u00e7as estrangeiras est\u00e3o protegendo as cidades que a Total e a [&hellip;]<\/p>\n","protected":false},"author":1,"featured_media":2660,"comment_status":"open","ping_status":"open","sticky":false,"template":"","format":"standard","meta":{"footnotes":""},"categories":[270],"tags":[266],"rttpg_featured_image_url":{"full":["https:\/\/cjimoz.org.mz\/news\/wp-content\/uploads\/2021\/08\/Tropas-Ru.jpg",860,471,false],"landscape":["https:\/\/cjimoz.org.mz\/news\/wp-content\/uploads\/2021\/08\/Tropas-Ru.jpg",860,471,false],"portraits":["https:\/\/cjimoz.org.mz\/news\/wp-content\/uploads\/2021\/08\/Tropas-Ru.jpg",860,471,false],"thumbnail":["https:\/\/cjimoz.org.mz\/news\/wp-content\/uploads\/2021\/08\/Tropas-Ru-250x137.jpg",150,82,true],"medium":["https:\/\/cjimoz.org.mz\/news\/wp-content\/uploads\/2021\/08\/Tropas-Ru-400x219.jpg",300,164,true],"large":["https:\/\/cjimoz.org.mz\/news\/wp-content\/uploads\/2021\/08\/Tropas-Ru-650x356.jpg",650,356,true],"1536x1536":["https:\/\/cjimoz.org.mz\/news\/wp-content\/uploads\/2021\/08\/Tropas-Ru.jpg",860,471,false],"2048x2048":["https:\/\/cjimoz.org.mz\/news\/wp-content\/uploads\/2021\/08\/Tropas-Ru.jpg",860,471,false],"trp-custom-language-flag":["https:\/\/cjimoz.org.mz\/news\/wp-content\/uploads\/2021\/08\/Tropas-Ru.jpg",18,10,false],"post-thumbnail":["https:\/\/cjimoz.org.mz\/news\/wp-content\/uploads\/2021\/08\/Tropas-Ru-150x82.jpg",150,82,true],"retina2x":["https:\/\/cjimoz.org.mz\/news\/wp-content\/uploads\/2021\/08\/Tropas-Ru-800x438.jpg",800,438,true],"retina3x":["https:\/\/cjimoz.org.mz\/news\/wp-content\/uploads\/2021\/08\/Tropas-Ru.jpg",860,471,false],"retina4x":["https:\/\/cjimoz.org.mz\/news\/wp-content\/uploads\/2021\/08\/Tropas-Ru.jpg",860,471,false],"retina5x":["https:\/\/cjimoz.org.mz\/news\/wp-content\/uploads\/2021\/08\/Tropas-Ru.jpg",860,471,false],"retina6x":["https:\/\/cjimoz.org.mz\/news\/wp-content\/uploads\/2021\/08\/Tropas-Ru.jpg",860,471,false]},"rttpg_author":{"display_name":"Reda\u00e7\u00e3o CJIMOZ","author_link":"https:\/\/cjimoz.org.mz\/news\/author\/hcuambe\/"},"rttpg_comment":0,"rttpg_category":"<a href=\"https:\/\/cjimoz.org.mz\/news\/category\/politica\/\" rel=\"category tag\">Pol\u00edtica<\/a>","rttpg_excerpt":"&nbsp; Por Lu\u00eds Nhachote Mo\u00e7ambique apostou o seu futuro em novos projectos de g\u00e1s. Ent\u00e3o, impulsionados pela desigualdade e outras press\u00f5es, os insurgentes tomaram conta do norte de Mo\u00e7ambique. As companhias de g\u00e1s come\u00e7aram a se retirar. Agora, ap\u00f3s reuni\u00f5es em Kigali e Paris, for\u00e7as estrangeiras est\u00e3o protegendo as cidades que a Total e a&hellip;","_links":{"self":[{"href":"https:\/\/cjimoz.org.mz\/news\/wp-json\/wp\/v2\/posts\/2662"}],"collection":[{"href":"https:\/\/cjimoz.org.mz\/news\/wp-json\/wp\/v2\/posts"}],"about":[{"href":"https:\/\/cjimoz.org.mz\/news\/wp-json\/wp\/v2\/types\/post"}],"author":[{"embeddable":true,"href":"https:\/\/cjimoz.org.mz\/news\/wp-json\/wp\/v2\/users\/1"}],"replies":[{"embeddable":true,"href":"https:\/\/cjimoz.org.mz\/news\/wp-json\/wp\/v2\/comments?post=2662"}],"version-history":[{"count":1,"href":"https:\/\/cjimoz.org.mz\/news\/wp-json\/wp\/v2\/posts\/2662\/revisions"}],"predecessor-version":[{"id":2663,"href":"https:\/\/cjimoz.org.mz\/news\/wp-json\/wp\/v2\/posts\/2662\/revisions\/2663"}],"wp:featuredmedia":[{"embeddable":true,"href":"https:\/\/cjimoz.org.mz\/news\/wp-json\/wp\/v2\/media\/2660"}],"wp:attachment":[{"href":"https:\/\/cjimoz.org.mz\/news\/wp-json\/wp\/v2\/media?parent=2662"}],"wp:term":[{"taxonomy":"category","embeddable":true,"href":"https:\/\/cjimoz.org.mz\/news\/wp-json\/wp\/v2\/categories?post=2662"},{"taxonomy":"post_tag","embeddable":true,"href":"https:\/\/cjimoz.org.mz\/news\/wp-json\/wp\/v2\/tags?post=2662"}],"curies":[{"name":"wp","href":"https:\/\/api.w.org\/{rel}","templated":true}]}}