{"id":2755,"date":"2022-02-15T09:38:06","date_gmt":"2022-02-15T07:38:06","guid":{"rendered":"https:\/\/cjimoz.org\/news\/?p=2755"},"modified":"2022-02-15T09:38:06","modified_gmt":"2022-02-15T07:38:06","slug":"o-homem-mais-procurado-de-mocambique","status":"publish","type":"post","link":"https:\/\/cjimoz.org.mz\/news\/o-homem-mais-procurado-de-mocambique\/","title":{"rendered":"O homem mais procurado de Mo\u00e7ambique"},"content":{"rendered":"<p><img fetchpriority=\"high\" decoding=\"async\" class=\"alignnone size-full wp-image-2752\" src=\"https:\/\/cjimoz.org\/news\/wp-content\/uploads\/2022\/02\/WhatsApp-Image-2022-02-14-at-07.26.56.jpeg\" alt=\"\" width=\"681\" height=\"1310\" \/><\/p>\n<p><em>Um jovem futebolista do remoto distrito de Palma encontra-se hoje na lista dos Estados Unidos dos terroristas globais \u2013 e o ministro de defesa de Mo\u00e7ambique promoteu captur\u00e1-lo vivo ou morto. Conhe\u00e7am Bonomado Machudo Omar, o ardiloso l\u00edder da insurg\u00eancia em Cabo Delgado.<\/em><\/p>\n<p><em>\u00a0<\/em><\/p>\n<p><strong>Nota do editor: Num relat\u00f3rio publicado esta semana, a International Crisis Group descreveu a insurg\u00eancia islamita no norte de Mo\u00e7ambique, j\u00e1 no seu quinto ano, como \u201cuma das mais graves amea\u00e7as \u00e0 paz e seguran\u00e7a em \u00c1frica\u201d. Mas a origem desta amea\u00e7a, e a identidade dos insurgentes, t\u00eam estado envoltos num mist\u00e9rio. Nesta edi\u00e7\u00e3o, o <a href=\"https:\/\/mg.co.za\/thecontinent\/\" target=\"_blank\" rel=\"noopener\">The Continent<\/a> tra\u00e7a o perfil da figura mais p\u00fablica da insurg\u00eancia \u2013 e a chave para a compreens\u00e3o das suas t\u00e1cticas e motiva\u00e7\u00f5es.<\/strong><\/p>\n<p><strong>\u00a0Por Luis Nhachote e Milda Quaria<\/strong><\/p>\n<p>O seu nome \u00e9 Bonomado Machudo Omar, nascido no distrito de Palma, na prov\u00edncia nortenha de Cabo Delgado. Tem estado envolvido na insurg\u00eancia em Cabo Delgado desde o seu come\u00e7o em 2017, e \u00e9 agora \u2013 de acordo com o Departamento de Estado dos EUA \u2013 a face mais proeminente de uma insurg\u00eancia que paralisou a regi\u00e3o.<\/p>\n<p>Em Abril de 2021, o Major General do ex\u00e9rcito mo\u00e7ambicano, Crist\u00e2ov\u00e3o Chume, prometeu que Bonomado \u201cser\u00e1 capturado vivo ou morto\u201d. Chume foi recentemente nomeado ministro da defesa. No dia 6 de Agosto de 2021, o Secret\u00e1rio de Estado dos EUA, Anthony Blinken, designou Omar um membro do Estado Isl\u00e2mico e um \u201cterrorista global\u201d, num comunicado p\u00fablico.<\/p>\n<p>Descrito como calmo e brutal, Omar serviu como fuzikeiro na marinha das for\u00e7as de defesa de 2003 \u00e0 2005. Por\u00e9m, agora quer derrubar o pr\u00f3prio estado a quem serviu, e substitu\u00ed-lo por um califado.<\/p>\n<p>&nbsp;<\/p>\n<p><strong>Quem \u00e9 Bonomado Machude Omar?\u00a0<\/strong><\/p>\n<p>Num artigo publicado em Setembro de 2020, o Centro mo\u00e7ambicano de Jornalimso Investigativo (CJI) identificou Bonomado Machudo Omar, tamb\u00e9m conhecido por Omar Saide ou Sheikh Omar, como o orador num video que viralizou nas redes sociais em Mar\u00e7o de 2020. O orador no video alega ser o l\u00edder supremo da insurg\u00eancia, que nessa altura j\u00e1 tinha tr\u00eas anos. No ano seguinte, o centro de pesquisa mo\u00e7ambicano, OMR (Observat\u00f3rio do Meio Rural), publicou um novo perfil do homem \u2013 explicando que nasceu em Pemba, na aldeia de Ncumbi, e deslocou-se \u00e0 Mo\u00e7\u00edmboa da Praia com cinco anos ap\u00f3s a morte do seu pai. A sua m\u00e3e voltou a casar e o padrasto de Bonomado introduziu-lhe ao Isl\u00e3o, que ele estudou e teve dom\u00ednio. Bonomado conclu\u00edu a 10\u00aa classe na Escola Secund\u00e1ria Janu\u00e1rio Pedro, em Mo\u00e7imboa da Praia, e segundo os seus antigos professores, era um jovem calmo, um bom aluno, e um bom jogador de futebol.<\/p>\n<p>Ap\u00f3s sair da escola, ele serviu na marinha em Pemba, e subsequentemente foi para o internato da escola da Africa Muslim para concluir a 12\u00aa classe. Ele era popular entre os seus pares, conhecido pelo seu sentido de justi\u00e7a e protec\u00e7\u00e3o dos mais novos. Um dos seus \u201chobbies\u201d era jogar futebol. Devido \u00e0 sua altura, entre 1m80 e 1m90, e o facto de que jogou no meio campo f\u00ea-lo adquirir a alcunha de Patrick Vieira, o futebolista franc\u00eas que se notabilizou no Arsenal de Londres.<\/p>\n<p>Bonomado sobreviveu vendendo vegetais e roupa isl\u00e2mica num mercado em Pemba, para um comerciante estrangeiro, que se pensa ser tanzaniano ou somaliano. Ele viajou para Tanzania e \u00c1frica do Sul. Depois regressou \u00e0 Mo\u00e7imboa da Praia onde constru\u00edu uma mesquita, bem como uma banca para a venda de quinquilharia adquiridas nos mercados tanzanianos ou na cidade de Pemba,<\/p>\n<p>Em seguida, participou nos primeiros ataques sobre Mo\u00e7imboa da Praia, em Outubro de 2017, e refugiou-se nas matas. Ainda n\u00e3o est\u00e1 claro quando ficou radizalizado, ou o que lhe levou \u00e0 viol\u00eancia.<\/p>\n<p>Por causa das suas habilidades militares e capacidade de se camuflar, adquiriu localmente a alcunha de \u201cRei da Floresta\u201d. O OMR diz que Bonomado \u00e9 actualmente o l\u00edder dos insurgentes em Mo\u00e7ambique \u2013 algo confirmado em 2021 pelo <a href=\"https:\/\/www.state.gov\/designations-of-isis-mozambique-jnim-and-al-shabaab-leaders\/\" target=\"_blank\" rel=\"noopener\">comunicado dos Departamento do Estado dos EUA,<\/a> que lhe descreve como sendo \u201co facilitador chefe e canal de comunica\u00e7\u00e3o para o grupo\u201d.<\/p>\n<p><img decoding=\"async\" class=\"alignnone size-full wp-image-2753\" src=\"https:\/\/cjimoz.org\/news\/wp-content\/uploads\/2022\/02\/WhatsApp-Image-2022-02-11-at-21.33.23.jpeg\" alt=\"\" width=\"715\" height=\"1108\" \/><\/p>\n<p><strong>Promessa para o povo<\/strong><\/p>\n<p>Bonomade liderou os ataques da insurg\u00eancia sobre Palma, em Mar\u00e7o de 2021, e sobe Mo\u00e7\u00edmboa da Praia no ano anterior. As duas cidades j\u00e1 foram recapturaram pelo ex\u00e9rcito mo\u00e7ambicano com a ajuda das For\u00e7as Ruandesas de Defesa; Mo\u00e7ambique n\u00e3o conseguiu segur\u00e1-las ou retom\u00e1-las sozinha.<\/p>\n<p>Foi depois da queda de Mo\u00e7\u00edmboa da Praia em 2020 que Bonomade fez o seu famoso discurso, gravado numa c\u00e1mera de celular e distribuido pelo mundo. O discurso d\u00e1 um sentido das suas motiva\u00e7\u00f5es.<\/p>\n<p>&nbsp;<\/p>\n<p>Falando em p\u00e9 em frente da esquadra policial da cidade \u2013 um s\u00edmbolo potente do poder do estado que ca\u00edra nas m\u00e3os dos jihadistas -, Bonomade disse \u00e0 popula\u00e7\u00e3o local que n\u00e3o matariam ningu\u00e9m ou robariam do povo, apesar de enfrentar oposi\u00e7\u00e3o da mesma. \u201cSabemos que a vossa vontade \u00e9 que desaparec\u00e9ssemos,\u201d diz \u00e0 multid\u00e3o. \u201cMas Deus aben\u00e7oou-nos e ganhamos mais for\u00e7a\u201d.<\/p>\n<p>\u201cViemos antes, voltamos, esta \u00e9 a segunda vez, estamos a dar-vos mais uma chance: n\u00e3o vamos vos ningu\u00e9m, n\u00e3o vamos destruir nada que perten\u00e7a ao povo, tudo que estragarmos ser\u00e1 do governo,\u201d disse.<\/p>\n<p>\u201cOcupamos (a vila) para mostrar que o governo do dia \u00e9 injusto. Ele humilha o pobre e d\u00e1 vantagem aos chefes. S\u00e3o os da classe baixa que s\u00e3o detidos, portanto, isso n\u00e3o \u00e9 justi\u00e7a\u201d, continuou.<\/p>\n<p>Bonomade disse ao grupo que estava a trabalhar para estabelecer um governo isl\u00e2mico \u2013 e enfatizou que \u201csomos filhos daqui, e esses rostos n\u00e3o s\u00e3o novos. Existem muitos de n\u00f3s nas matas.\u201d<\/p>\n<p>Apesar das suas nobres palavras, os insurgentes foram implicados em v\u00e1rios massacres brutais de popula\u00e7\u00f5es civis \u2013 \u00e0 semelhan\u00e7a das for\u00e7as de seguran\u00e7a contra as quais lutam. E Bonomade, segundo uma fonte com conhecimento \u00edntimo das opera\u00e7\u00f5es do grupo, desempenha um papel de comando nas opera\u00e7\u00f5es militares.<\/p>\n<p>Os insurgents est\u00e3o divididos em mais ou menos 30 pequenos grupos, cada um com a sua pr\u00f3pria especializa\u00e7\u00e3o, tal como fabricar bombas, abrir t\u00faneis, e colecta de informa\u00e7\u00e3o, e os l\u00edderes de cada grupo reportam \u00e0 Bonamade.<\/p>\n<p>O grupo financia as suas actividades atrav\u00e9s do contrabando de min\u00e9rios e tr\u00e1fico de droga, e alegadamente isso tamb\u00e9m passa por ele, a fonte disse.<\/p>\n<p>Devido \u00e0 natureza secreta do grupo insurgente, n\u00e3o se conseguiu falar com Bonomade.<\/p>\n<p><strong>Um novo Dhlakama?<\/strong><\/p>\n<p>Desde aquele dia em Mo\u00e7\u00edmboa da Praia em 2020 \u2013 e a queda de Palma em Mar\u00e7o de 2021 \u2013 o governo mo\u00e7ambicano, com ajuda, em particular, das tropas ruandesas, voltou a estar no volante. As cidades foram retomadas, e pensa-se que Bonomade desloca-se de base \u00e0 base \u00e0 medida que as tropas mo\u00e7ambicanas, ruandesas e a miss\u00e3o da SADC (Comunidade para o Desenvolvimento da \u00c1frica Austral) desmantelam as bases que encontram no seu caminho.<\/p>\n<p>Mas a atra\u00e7\u00e3o de Bonomade e os seus homens junto dos desfavorecidos de Cabo Delgado permanece um perigo, adverte o pesquisador mo\u00e7ambicano, Jo\u00e3o Feij\u00f3, o autor do relat\u00f3rio do OMR sobre Bonomade e outros l\u00edderes insurgentes. \u201cV\u00e1rios testemunhos descrevem-no como algu\u00e9m sinsitro e brutal, mas tamb\u00e9m com um sentido de justi\u00e7a,\u201d Feij\u00f3 disse ao The Continent, numa entrevista na semana passada.<\/p>\n<p>\u201cExistem v\u00e1rios factores que produzem este tipo de l\u00edderes: radicaliza\u00e7\u00e3o atrav\u00e9s de estudos em madrassas, revolta contra experi\u00eancias concretas de pobreza e marginaliza\u00e7\u00e3o e mesmo oportunismo, que se aproveita do desespero das comunidades\u201d, disse Feij\u00f3.<\/p>\n<p>\u201cEstabele\u00e7o um paralelo com Afonso Dhlakama,\u201d continuou Feij\u00f3, referindo-se ao falecido l\u00edder do movimento de resist\u00eancia mo\u00e7ambicana e mais tarde partido de oposi\u00e7\u00e3o, Renamo. \u201cEle foi o protagonista da guerra civil que dilacerou o pa\u00eds, mas ele atra\u00eda multid\u00f5es e foi muito popular.\u201d<\/p>\n<p>O sucesso de tais populistas ressalta a necessidade de qualquer solu\u00e7\u00e3o para o conflicto incluir inclus\u00e3o social, e satisfazer as necessidades b\u00e1sicas das comunidades.<\/p>\n<p>\u201cN\u00e3o estou contra as solu\u00e7\u00f5es de defesa e seguran\u00e7a, mas esta abordagem deve ser acompanhada pela cria\u00e7\u00e3o de empregos para jovens, a provis\u00e3o de servi\u00e7os sociais b\u00e1sicos, respeito pelos direitos humanos e incentivos para a participa\u00e7\u00e3o democr\u00e1tica das comunidades na vida pol\u00edtica e econ\u00f3mica do pa\u00eds,\u201d disse Feij\u00f3.<\/p>\n<p>Artigo publicado originalmente no <a href=\"https:\/\/mg.co.za\/thecontinent\/\" target=\"_blank\" rel=\"noopener\">The Continent with Mail&amp;Guardian<\/a><\/p>\n","protected":false},"excerpt":{"rendered":"<p>Um jovem futebolista do remoto distrito de Palma encontra-se hoje na lista dos Estados Unidos dos terroristas globais \u2013 e o ministro de defesa de Mo\u00e7ambique promoteu captur\u00e1-lo vivo ou morto. Conhe\u00e7am Bonomado Machudo Omar, o ardiloso l\u00edder da insurg\u00eancia em Cabo Delgado. \u00a0 Nota do editor: Num relat\u00f3rio publicado esta semana, a International Crisis [&hellip;]<\/p>\n","protected":false},"author":1,"featured_media":2753,"comment_status":"open","ping_status":"open","sticky":false,"template":"","format":"standard","meta":{"footnotes":""},"categories":[284],"tags":[266],"rttpg_featured_image_url":{"full":["https:\/\/cjimoz.org.mz\/news\/wp-content\/uploads\/2022\/02\/WhatsApp-Image-2022-02-11-at-21.33.23.jpeg",715,1108,false],"landscape":["https:\/\/cjimoz.org.mz\/news\/wp-content\/uploads\/2022\/02\/WhatsApp-Image-2022-02-11-at-21.33.23.jpeg",715,1108,false],"portraits":["https:\/\/cjimoz.org.mz\/news\/wp-content\/uploads\/2022\/02\/WhatsApp-Image-2022-02-11-at-21.33.23.jpeg",715,1108,false],"thumbnail":["https:\/\/cjimoz.org.mz\/news\/wp-content\/uploads\/2022\/02\/WhatsApp-Image-2022-02-11-at-21.33.23-250x387.jpeg",97,150,true],"medium":["https:\/\/cjimoz.org.mz\/news\/wp-content\/uploads\/2022\/02\/WhatsApp-Image-2022-02-11-at-21.33.23-400x620.jpeg",194,300,true],"large":["https:\/\/cjimoz.org.mz\/news\/wp-content\/uploads\/2022\/02\/WhatsApp-Image-2022-02-11-at-21.33.23-650x1007.jpeg",650,1007,true],"1536x1536":["https:\/\/cjimoz.org.mz\/news\/wp-content\/uploads\/2022\/02\/WhatsApp-Image-2022-02-11-at-21.33.23.jpeg",715,1108,false],"2048x2048":["https:\/\/cjimoz.org.mz\/news\/wp-content\/uploads\/2022\/02\/WhatsApp-Image-2022-02-11-at-21.33.23.jpeg",715,1108,false],"trp-custom-language-flag":["https:\/\/cjimoz.org.mz\/news\/wp-content\/uploads\/2022\/02\/WhatsApp-Image-2022-02-11-at-21.33.23.jpeg",8,12,false],"post-thumbnail":["https:\/\/cjimoz.org.mz\/news\/wp-content\/uploads\/2022\/02\/WhatsApp-Image-2022-02-11-at-21.33.23-150x232.jpeg",150,232,true],"retina2x":["https:\/\/cjimoz.org.mz\/news\/wp-content\/uploads\/2022\/02\/WhatsApp-Image-2022-02-11-at-21.33.23.jpeg",715,1108,false],"retina3x":["https:\/\/cjimoz.org.mz\/news\/wp-content\/uploads\/2022\/02\/WhatsApp-Image-2022-02-11-at-21.33.23.jpeg",715,1108,false],"retina4x":["https:\/\/cjimoz.org.mz\/news\/wp-content\/uploads\/2022\/02\/WhatsApp-Image-2022-02-11-at-21.33.23.jpeg",715,1108,false],"retina5x":["https:\/\/cjimoz.org.mz\/news\/wp-content\/uploads\/2022\/02\/WhatsApp-Image-2022-02-11-at-21.33.23.jpeg",715,1108,false],"retina6x":["https:\/\/cjimoz.org.mz\/news\/wp-content\/uploads\/2022\/02\/WhatsApp-Image-2022-02-11-at-21.33.23.jpeg",715,1108,false]},"rttpg_author":{"display_name":"Reda\u00e7\u00e3o CJIMOZ","author_link":"https:\/\/cjimoz.org.mz\/news\/author\/hcuambe\/"},"rttpg_comment":0,"rttpg_category":"<a href=\"https:\/\/cjimoz.org.mz\/news\/category\/analise\/\" rel=\"category tag\">Analise<\/a>","rttpg_excerpt":"Um jovem futebolista do remoto distrito de Palma encontra-se hoje na lista dos Estados Unidos dos terroristas globais \u2013 e o ministro de defesa de Mo\u00e7ambique promoteu captur\u00e1-lo vivo ou morto. Conhe\u00e7am Bonomado Machudo Omar, o ardiloso l\u00edder da insurg\u00eancia em Cabo Delgado. \u00a0 Nota do editor: Num relat\u00f3rio publicado esta semana, a International Crisis&hellip;","_links":{"self":[{"href":"https:\/\/cjimoz.org.mz\/news\/wp-json\/wp\/v2\/posts\/2755"}],"collection":[{"href":"https:\/\/cjimoz.org.mz\/news\/wp-json\/wp\/v2\/posts"}],"about":[{"href":"https:\/\/cjimoz.org.mz\/news\/wp-json\/wp\/v2\/types\/post"}],"author":[{"embeddable":true,"href":"https:\/\/cjimoz.org.mz\/news\/wp-json\/wp\/v2\/users\/1"}],"replies":[{"embeddable":true,"href":"https:\/\/cjimoz.org.mz\/news\/wp-json\/wp\/v2\/comments?post=2755"}],"version-history":[{"count":1,"href":"https:\/\/cjimoz.org.mz\/news\/wp-json\/wp\/v2\/posts\/2755\/revisions"}],"predecessor-version":[{"id":2756,"href":"https:\/\/cjimoz.org.mz\/news\/wp-json\/wp\/v2\/posts\/2755\/revisions\/2756"}],"wp:featuredmedia":[{"embeddable":true,"href":"https:\/\/cjimoz.org.mz\/news\/wp-json\/wp\/v2\/media\/2753"}],"wp:attachment":[{"href":"https:\/\/cjimoz.org.mz\/news\/wp-json\/wp\/v2\/media?parent=2755"}],"wp:term":[{"taxonomy":"category","embeddable":true,"href":"https:\/\/cjimoz.org.mz\/news\/wp-json\/wp\/v2\/categories?post=2755"},{"taxonomy":"post_tag","embeddable":true,"href":"https:\/\/cjimoz.org.mz\/news\/wp-json\/wp\/v2\/tags?post=2755"}],"curies":[{"name":"wp","href":"https:\/\/api.w.org\/{rel}","templated":true}]}}