{"id":2809,"date":"2023-03-05T19:33:55","date_gmt":"2023-03-05T17:33:55","guid":{"rendered":"https:\/\/cjimoz.org\/news\/?p=2809"},"modified":"2023-03-05T19:33:55","modified_gmt":"2023-03-05T17:33:55","slug":"economia-de-cabo-delgado-decapitada-pela-guerra-do-terror","status":"publish","type":"post","link":"https:\/\/cjimoz.org.mz\/news\/economia-de-cabo-delgado-decapitada-pela-guerra-do-terror\/","title":{"rendered":"Economia de Cabo Delgado decapitada pela guerra do terror"},"content":{"rendered":"<p><img fetchpriority=\"high\" decoding=\"async\" class=\"alignnone  wp-image-2810\" src=\"https:\/\/cjimoz.org\/news\/wp-content\/uploads\/2023\/03\/igreja-terror.jpg\" alt=\"\" width=\"806\" height=\"843\" \/><\/p>\n<p>&nbsp;<\/p>\n<p>Por\u00a0 Estacio Valoi<\/p>\n<p><strong>Mo\u00e7ambique, com suporte do Ruanda e da miss\u00e3o dos pa\u00edses da Africa Austral (SAMIM), tenta p\u00f4r fim a uma agress\u00e3o armada que j\u00e1 matou cerca de 4.668 pessoas (40% das perdas humanas s\u00e3o civis de acordo com dados da ACLED). Acrescem a estes um n\u00famero impreciso de desaparecidos ou mortos e quase um milh\u00e3o de deslocados de acordo com dados das Na\u00e7\u00f5es Unidas. <\/strong><\/p>\n<p><strong>No entanto, o conflito \u00e9 t\u00e3o evidente quanto elusivo: por exemplo, n\u00e3o h\u00e1 unanimidade sobre os rostos por detr\u00e1s da barb\u00e1rie. A dificuldade de definir a agress\u00e3o no Norte de Mo\u00e7ambique inclui, claro, a economia.\u00a0 H\u00e1 quest\u00f5es que servem de ponto de partida: quanto dinheiro movimenta? Que sectores afecta? Como a comunidade ruandesa cr\u00edtica ao regime de Paul Kagame e como este entra nas contrapartidas? Que economias paralelas gera? Que oportunidades se perdem? O Centro de Jornalismo Investigativo (CJI) tenta responder a essas quest\u00f5es.<\/strong><\/p>\n<p>Desde o in\u00edcio do troar das armas em 2017, na prov\u00edncia de Cabo Delgado, com uma popula\u00e7\u00e3o estimada em cerca de 2.329, 261 habitantes (censo de 2017), que o conflito ligado ao extremismo violento, tem estado a decapitar a economia na nortenha prov\u00edncia.<\/p>\n<p>&nbsp;<\/p>\n<p><img decoding=\"async\" class=\"alignnone  wp-image-2813\" src=\"https:\/\/cjimoz.org\/news\/wp-content\/uploads\/2023\/03\/images.jpg\" alt=\"\" width=\"805\" height=\"1075\" \/><br \/>\n<strong>Situa\u00e7\u00e3o em Infraestruturas Econ\u00f3micas e Sociais<\/strong><\/p>\n<p>As infraestruturas foram destru\u00eddas e incendiadas, quer econ\u00f3micas quanto\u00a0 sociais, \u00a0p\u00fablicas e privadas destacando:\u00a0 Destrui\u00e7\u00e3o de escolas prim\u00e1rias (348) e secund\u00e1rias (8), perda de material did\u00e1ctico e encerramento de dois (2) institutos t\u00e9cnicos com cerca 96.274 alunos\u00a0 dos diferentes subsistemas de ensino;\u00a0 Destrui\u00e7\u00e3o total 10 unidades sanit\u00e1rias, 29 destrui\u00e7\u00e3o parcial e 39 vandalizadas,\u00a0 de um universo de 131 unidades.<\/p>\n<p>Destrui\u00e7\u00e3o total ou parcial dos edif\u00edcios da administra\u00e7\u00e3o p\u00fablica em Moc\u00edmboa\u00a0 da Praia, Palma, Muidumbe, Macomia e Quissanga; Vandalizada a capta\u00e7\u00e3o e esta\u00e7\u00e3o de tratamento e bombagem a partir do Rio\u00a0 Buji necessitando a reposi\u00e7\u00e3o dos equipamentos; Destrui\u00e7\u00e3o parcial do centro distribuidor localizado no Bairro de Cimento, sendo\u00a0 a destacar o seguinte: o grupo gerador incendiado, quadros de comando\u00a0 vandalizados, viaturas incendiadas, edif\u00edcios com danos na cobertura e bombas\u00a0 de eleva\u00e7\u00e3o intactos; Destrui\u00e7\u00e3o do museu de Chai (Muchai) e edif\u00edcios integrantes ao museu, no\u00a0 distrito de Macomia; Destrui\u00e7\u00e3o do monumento Tom\u00e1s Ndunda e Pra\u00e7a Eduardo Mondlane, no\u00a0 distrito de Muidumbe;\u00a0 Destrui\u00e7\u00e3o da base central no distrito de Muidumbe; e Destrui\u00e7\u00e3o da base central no distrito de Nangade.<\/p>\n<p>A liga\u00e7\u00e3o\/comunica\u00e7\u00e3o entre os distritos postos administrativos e comunidades\u00a0 ficou gravemente afectada, com impacto directo na circula\u00e7\u00e3o de pessoas e\u00a0 bens;<\/p>\n<p><strong>Energia<\/strong><\/p>\n<p>Destrui\u00e7\u00e3o da rede el\u00e9ctrica que inclui a subesta\u00e7\u00e3o Awasse;\u00a0 Os ramais principais da rede de baixa tens\u00e3o, com de 50 km, de liga\u00e7\u00e3o aos consumidores (baixadas) e contadores foram danificados, estimado em 30% da\u00a0 rede total por reabilitar;\u00a0 A rede de m\u00e9dia tens\u00e3o, com extens\u00e3o de 25km, n\u00e3o foi severamente afectada\u00a0 mais existem alguns v\u00e3os com condutores interrompidos, estimado em 25% da\u00a0 rede total por reabilitar.<\/p>\n<p><strong>Transportes e comunica\u00e7\u00f5es<\/strong><\/p>\n<p>&nbsp;<\/p>\n<p>a.Vandalizadas cerca de 99 esta\u00e7\u00f5es de base nos Distritos de Moc\u00edmboa de Praia,\u00a0 Palma, Quissanga, Muidumbe, Nangade, Meluco, Ibo e Macomia; b. Danificada cerca de 941Km de Fibra \u00d3ptica A\u00e9rea da Vodacom nos tro\u00e7os entre\u00a0 Mueda-Awasse e Mocimboa da Praia; Palma-Moc\u00edmboa da Praia-Macomia Metoro e Palma-Pundanhar-Nangade-Mueda e cerca de 500Km da Fibra \u00d3ptica\u00a0 A\u00e9rea da Movitel incluindo postes. A Fibra \u00d3ptica da Tmcel por ser subterr\u00e2neo\u00a0 sofreu parcialmente; c. A Carga e Equipamentos Armazenados em contentores foram queimadas parcialmente ou na totalidade.\u00a0 d. A Rampa de Acostagem de Navios os pontos de amarra\u00e7\u00e3o, defensas e parte\u00a0 associada a acostagem encontra-se danificada. Destrui\u00e7\u00e3o de infraestrutura do Governo Electr\u00f3nico e dos Centros Multim\u00e9dia Comunit\u00e1rio.<\/p>\n<p><strong>Turismo<\/strong><\/p>\n<p>a. Destrui\u00e7\u00e3o de 32 estabelecimentos de alojamento com categorias de 1 \u00e0 4\u00a0 estrelas, totalizando 374 quartos e 487 camas, com destaque para Amarula\u00a0 Palma Hotel e Hotel Apartamento Palma Residence; e Destrui\u00e7\u00e3o de estabelecimento de restaura\u00e7\u00e3o num total de 78 mesas e 287\u00a0 cadeiras, afectando 292 trabalhadores.<br \/>\nDestrui\u00e7\u00e3o de estabelecimento de restaura\u00e7\u00e3o num total de 78 mesas e 287\u00a0 cadeiras, afectando 292 trabalhadores.<br \/>\nAs ac\u00e7\u00f5es dos terroristas causaram grandes danos nas actividades econ\u00f3micas com destaque para a agricultura, pesca e com\u00e9rcio, tendo culminado com:<\/p>\n<p>&nbsp;<\/p>\n<p>&nbsp;<\/p>\n<p><strong>Sector Privado<\/strong><\/p>\n<ol start=\"926\">\n<li>\nDestrui\u00e7\u00e3o de cerca de 4,965 empresas de micro, pequenas e medias dimens\u00e3o dos quais (295 unidades industriais, 4,504 com\u00e9rcios geral e 166 de\u00a0 10 servi\u00e7os) cujo a valoriza\u00e7\u00e3o dos preju\u00edzos at\u00e9 ao momento estima-se em cerca\u00a0 de 42,926.69 milh\u00f5es MZN cerca de 681.66 milh\u00f5es USD.<\/li>\n<\/ol>\n<p><strong>Ataques a Palma lesam setor privado em 90 milh\u00f5es de d\u00f3lares<\/strong><\/p>\n<p>O empresariado de Cabo Delgado ficou prejudicado em 90 milh\u00f5es de d\u00f3lares devido aos ataques terroristas ocorridos na vila de Palma, no dia 24 de mar\u00e7o, segundo (CTA).<\/p>\n<p><strong>Mocimboa da praia<\/strong><\/p>\n<p>Foram destruidos parcial e totalmente\u00a0 o porto, aeroporto, comando distrital da PRM, posto de controlo dea pol\u00edcia de Awasse, sede do conselho municipal, governo distrital. Foram destruidas a empresa Nagi Investimentos, bombas de combustivel, empresas madereiras de chineses,\u00a0 do\u00a0 Faruck Jamal<\/p>\n<p><img decoding=\"async\" class=\"alignnone size-full wp-image-2812\" src=\"https:\/\/cjimoz.org\/news\/wp-content\/uploads\/2023\/03\/Foto-nairoto-Gemfied.jpg\" alt=\"\" width=\"750\" height=\"375\" \/><\/p>\n<p>Minas<br \/>\no acampamento da Gemrock Ruby Mine, uma mina de rubi perto de Namanhumbir, no distrito de Montepuez, na prov\u00edncia mo\u00e7ambicana de Cabo Delgado, for\u00e7ando a firma a evacuar os trabalhadores. Gemrock disse em comunicado ter perdido milhoes de dolares. \u00a0Nairoto ataque \u00a0fica: (i) aproximadamente 15 km a sudoeste do campo de explora\u00e7\u00e3o de Nairoto Resources Limitada (\u201cNRL\u201d), no qual a Gemfields det\u00e9m 75%; e (ii) aproximadamente 83 km ao norte de Montepuez Ruby Mining Limitada (\u201cMRM\u201d), na qual a Gemfields tamb\u00e9m possui 75%. Como consequ\u00eancia, o NRL iniciou o processo de evacua\u00e7\u00e3o de funcion\u00e1rios operacionais e contratados e, portanto, as opera\u00e7\u00f5es no local foram encerradas.<\/p>\n<p><strong>Situa\u00e7\u00e3o de dupla trag\u00e9dia.<\/strong><\/p>\n<p>O Western Union oferece servi\u00e7os de transfer\u00eancia de dinheiro por meio de uma grande rede de agentes. Os agentes aceitam dinheiro em nome da Western Union, que o transfere conforme solicitado por uma taxa por esse servico. Para poderem receber ajuda de amigos ou familiares no estrangeiro, os naturais de Cabo Delgado ou n\u00e3o, residentes na prov\u00edncia, precisam de se movimentar para a prov\u00edncia de Nampula, tamb\u00e9m no norte de Mo\u00e7ambique. De Cabo Delgado a Nampula, a dist\u00e2ncia a percorrer ronda os 400 quil\u00f3metros de Estrada.<\/p>\n<p>Por duas vezes, Habiba \u00a0Aboobakar foi for\u00e7ada a fugir de casa. Em mar\u00e7o de 2020, ela fugiu para a cidade costeira de Palma depois que grupos armados n\u00e3o estatais atacaram sua aldeia em Moc\u00edmboa da Praia, no norte de Mo\u00e7ambique.<\/p>\n<p>Agora, um ano depois, ela teve que fugir novamente, deixando tudo para tr\u00e1s depois que Palma foi atacada em 24 de mar\u00e7o. A m\u00e3e de tr\u00eas filhos, de 34 anos, trabalhava no campo, cuidando da fazenda onde sua fam\u00edlia cultivava mandioca e arroz, quando o marido ligou para dizer que a cidade estava sob ataque e para fugir com as tr\u00eas filhas. Eles decolaram em dire\u00e7\u00e3o \u00e0 praia. \u201cEu andei e nadei na \u00e1gua. Tive que manter meus filhos seguros \u201d, lembra Maria. \u201cEu podia ver outros lutando na \u00e1gua; alguns n\u00e3o conseguiram sobreviver. Foi terr\u00edvel.\u201d<\/p>\n<p>Ela recebeu a ajuda de um primo que mora na Europa, que lhe enviou algum dinheiro por meio da WU. Ao chegar \u00e0 ag\u00eancia do BIM em Pemba, foi informada apenas de que o servi\u00e7o n\u00e3o estava dispon\u00edvel. \u201cTive de apanhar transporte para Nampula e l\u00e1 tamb\u00e9m n\u00e3o recebi porque o meu documento mostra que nasci em Moc\u00edmboa da Praia. N\u00e3o somos terroristas, somos v\u00edtimas do terrorismo \u201d.<\/p>\n<p><strong> <img loading=\"lazy\" decoding=\"async\" class=\"alignnone  wp-image-2811\" src=\"https:\/\/cjimoz.org\/news\/wp-content\/uploads\/2023\/03\/index-TROPA-RUANDA.jpg\" alt=\"\" width=\"822\" height=\"432\" \/><\/strong><\/p>\n<p><strong>Ruanda e suas contra partidas enquanto o empresariado de Cabo Delgado v\u00ea navios<\/strong><\/p>\n<p><strong>\u00a0<\/strong><\/p>\n<p><strong>Interesses econ\u00f3micos por detr\u00e1s da solidariedade<\/strong><\/p>\n<p><strong>\u00a0<\/strong><\/p>\n<p>Desde a entrada das tropas ruandesas em Cabo Delgado, em meados de 2021, para ajudar Mo\u00e7ambique a combater a insurg\u00eancia, cujo acordo assinado entre Maputo e Kigali para o feito continua desconhecido. Ali\u00e1s, nem o Parlamento mo\u00e7ambicano foi ouvido a respeito, o que causou polvorosa.<\/p>\n<p>&nbsp;<\/p>\n<p>De acordo com a plataforma Africa Intelligence, &#8220;a construtora ruandesa NPD juntou-se, \u00e0 \u00faltima da hora, \u00e0 lista de empresas que concorrem para a realiza\u00e7\u00e3o de trabalhos preparat\u00f3rios no projeto de g\u00e1s em Mo\u00e7ambique&#8221;. A NPD, vista como pr\u00f3xima do Presidente do Ruanda, Paul Kagame, \u00e9 uma das maiores construtoras do pa\u00eds, destacando-se em obras de grande vulto como barragens, estradas e pontes.<\/p>\n<p>&nbsp;<\/p>\n<p>O Africa Intelligence afirma ainda que &#8220;a gigante francesa TotalEnergies tem uma d\u00edvida a pagar ao Ruanda pelo seu papel no restabelecimento da seguran\u00e7a na prov\u00edncia de Cabo Delgado&#8221;, E pelas analises feitas estas\u00a0 sugerem que as decis\u00f5es politicas do actual regime s\u00e3o tomadas em Kigali alegadamente devido a referida divida pela interven\u00e7\u00e3o militar ruandesa, cujos resultados t\u00eam sido bastante elogiados mas que\u00a0 nunca confirmado por nenhum dos governos e nem mesmo pela Total.<\/p>\n<p>&nbsp;<\/p>\n<p><strong>\u00a0<\/strong><\/p>\n<p><strong>Outros ganhos <\/strong><\/p>\n<p><strong>\u00a0<\/strong><\/p>\n<p>Com as missas a serem rezadas em Kigali, caso o acordo de extradi\u00e7\u00e3o com Ruanda se concretize ser\u00e1 um instrumento de castra\u00e7\u00e3o pol\u00edtica legalizada contra opositores do Executivo de Kigali que vivem em Mo\u00e7ambique com o estatuto de refugiados, reconhecido e atribu\u00eddo pelo Governo Mo\u00e7ambicano faz d\u00e9cadas. Entregues a sua sorte, cidad\u00e3os ruandeses refugiados em Mo\u00e7ambique com o n\u00edvel de inseguran\u00e7a a que dizem estar expostos, na sequ\u00eancia do que classificam de ofensivas das autoridades de Kigali para os eliminar.S\u00e3o persegui\u00e7\u00f5es essas que j\u00e1 vem sendo perpectuadas e j\u00e1 com mortes registadas. Karemandigo Rebocatt um empres\u00e1rio que desempenhava o cargo de vice-presidente da Associa\u00e7\u00e3o dos Refugiados Ruandeses em Mo\u00e7ambique o qual segundo a agremia\u00e7\u00e3o, em cinco anos de uma \u201clista de cidad\u00e3os marcados para morrer\u201d o finado liderava a referida lista de alvos marcados para morrer,\u00a0 foi o quinto ruand\u00eas morto por desconhecidos \u2018 esquadr\u00e3o da morte\u201d \u00a0em Mo\u00e7ambique<\/p>\n<p>&nbsp;<\/p>\n<p>&nbsp;<\/p>\n<p>&nbsp;<\/p>\n<p>&nbsp;<\/p>\n<p>.<\/p>\n<p>&nbsp;<\/p>\n","protected":false},"excerpt":{"rendered":"<p>&nbsp; Por\u00a0 Estacio Valoi Mo\u00e7ambique, com suporte do Ruanda e da miss\u00e3o dos pa\u00edses da Africa Austral (SAMIM), tenta p\u00f4r fim a uma agress\u00e3o armada que j\u00e1 matou cerca de 4.668 pessoas (40% das perdas humanas s\u00e3o civis de acordo com dados da ACLED). Acrescem a estes um n\u00famero impreciso de desaparecidos ou mortos e [&hellip;]<\/p>\n","protected":false},"author":1,"featured_media":0,"comment_status":"open","ping_status":"open","sticky":false,"template":"","format":"standard","meta":{"footnotes":""},"categories":[284],"tags":[],"rttpg_featured_image_url":null,"rttpg_author":{"display_name":"Reda\u00e7\u00e3o CJIMOZ","author_link":"https:\/\/cjimoz.org.mz\/news\/author\/hcuambe\/"},"rttpg_comment":0,"rttpg_category":"<a href=\"https:\/\/cjimoz.org.mz\/news\/category\/analise\/\" rel=\"category tag\">Analise<\/a>","rttpg_excerpt":"&nbsp; Por\u00a0 Estacio Valoi Mo\u00e7ambique, com suporte do Ruanda e da miss\u00e3o dos pa\u00edses da Africa Austral (SAMIM), tenta p\u00f4r fim a uma agress\u00e3o armada que j\u00e1 matou cerca de 4.668 pessoas (40% das perdas humanas s\u00e3o civis de acordo com dados da ACLED). Acrescem a estes um n\u00famero impreciso de desaparecidos ou mortos e&hellip;","_links":{"self":[{"href":"https:\/\/cjimoz.org.mz\/news\/wp-json\/wp\/v2\/posts\/2809"}],"collection":[{"href":"https:\/\/cjimoz.org.mz\/news\/wp-json\/wp\/v2\/posts"}],"about":[{"href":"https:\/\/cjimoz.org.mz\/news\/wp-json\/wp\/v2\/types\/post"}],"author":[{"embeddable":true,"href":"https:\/\/cjimoz.org.mz\/news\/wp-json\/wp\/v2\/users\/1"}],"replies":[{"embeddable":true,"href":"https:\/\/cjimoz.org.mz\/news\/wp-json\/wp\/v2\/comments?post=2809"}],"version-history":[{"count":1,"href":"https:\/\/cjimoz.org.mz\/news\/wp-json\/wp\/v2\/posts\/2809\/revisions"}],"predecessor-version":[{"id":2814,"href":"https:\/\/cjimoz.org.mz\/news\/wp-json\/wp\/v2\/posts\/2809\/revisions\/2814"}],"wp:attachment":[{"href":"https:\/\/cjimoz.org.mz\/news\/wp-json\/wp\/v2\/media?parent=2809"}],"wp:term":[{"taxonomy":"category","embeddable":true,"href":"https:\/\/cjimoz.org.mz\/news\/wp-json\/wp\/v2\/categories?post=2809"},{"taxonomy":"post_tag","embeddable":true,"href":"https:\/\/cjimoz.org.mz\/news\/wp-json\/wp\/v2\/tags?post=2809"}],"curies":[{"name":"wp","href":"https:\/\/api.w.org\/{rel}","templated":true}]}}