{"id":2879,"date":"2023-12-15T11:15:03","date_gmt":"2023-12-15T09:15:03","guid":{"rendered":"https:\/\/cjimoz.org\/news\/?p=2879"},"modified":"2023-12-15T11:15:03","modified_gmt":"2023-12-15T09:15:03","slug":"cji-indignado-com-o-assassinato-do-jornalista-joao-chamusse","status":"publish","type":"post","link":"https:\/\/cjimoz.org.mz\/news\/cji-indignado-com-o-assassinato-do-jornalista-joao-chamusse\/","title":{"rendered":"CJI indignado com o assassinato do jornalista Jo\u00e3o Chamusse"},"content":{"rendered":"<p>&nbsp;<\/p>\n<p>&nbsp;<\/p>\n<p><strong>&#8211; <\/strong><strong>Comunicado \u2013 <\/strong><\/p>\n<p><strong>CJI indignado com o assassinato do jornalista Jo\u00e3o Chamusse<\/strong><\/p>\n<p>Foi com profunda indignacao que o Centro de Jornalismo Investigativo (CJI) tomou conhecimento assassinato do jornalista Jo\u00e3o Chamusse, ocorrido na madrugada de ontem, 14, na sua resid\u00eancia na Catembe. O CJI esteve ontem no local e viu o corpo do malogrado, estatelado no ch\u00e3o e com sinais de viol\u00eancia sobretudo na cabeca. .<\/p>\n<p>Brigadas da Policia da Republica de Mo\u00e7ambique (PRM) estiveram no local a fazer periciais e a colher depoimentos das ultimas pessoas que ter\u00e3o visto o jornalista com vida. At\u00e9 agora ainda n\u00e3o s\u00e3o conhecidas as raz\u00f5es que levaram a este b\u00e1rbaro acontecimento.<\/p>\n<p>\u00c0 data da sua morte, Jo\u00e3o Chamusse era Director Editorial do seman\u00e1rio \u201cPonto por Ponto\u201d. Iniciou a sua carreira, em 1997, no di\u00e1rio electronico MediaFAX, onde foi reporter, editor interino e Editor.<\/p>\n<p>Em 2005 foi, um dos co-fundadores da Imprensa Livra-te, Limitada (IMPREL) empresa respons\u00e1vel pelo surgimento do Canal de Mo\u00e7ambique, onde acumulou as fun\u00e7\u00f5es de editor em simult\u00e2neo com o seman\u00e1rio Zambeze. Actualmente era diretor editorial do seman\u00e1rio \u201cPonto por Ponto\u201d.<\/p>\n<p>Nos \u00faltimos tempos, o jornalista tamb\u00e9m era comentador residente da Televis\u00e3o Sucesso, onde nunca escondeu a sua desilus\u00e3o com o rumo do pa\u00eds, sobretudo com os \u00faltimos acontecimentos de fraudes eleitorais.<\/p>\n<p><strong>Posicionamento<\/strong><\/p>\n<p>O CJI condena, nos termos mais veementes, o assassinato deste jornalista mo\u00e7ambicano que participou na luta pela afirma\u00e7\u00e3o das liberdades de imprensa e de express\u00e3o, no pa\u00eds. Para o CJI, o assassinato de um jornalista \u00e9 um grande rev\u00e9s para um pa\u00eds democr\u00e1tico, onde a imprensa \u00e9 um pilar fundamental, pelo que o assassinato de Jo\u00e3o Chamusse merece ser condenado da forma mais veemente poss\u00edvel.<\/p>\n<p>O CJI exige das autoridades o r\u00e1pido esclarecimento desde assassinato.<\/p>\n<p>O CJI termina endere\u00e7ando uma mensagem de condol\u00eancias \u00e0 fam\u00edlia, colegas e amigos de Jo\u00e3o Chamusse e a toda a classe jornal\u00edstica por este acontecimento b\u00e1rbaro.<\/p>\n<p>&nbsp;<\/p>\n","protected":false},"excerpt":{"rendered":"<p>&nbsp; &nbsp; &#8211; Comunicado \u2013 CJI indignado com o assassinato do jornalista Jo\u00e3o Chamusse Foi com profunda indignacao que o Centro de Jornalismo Investigativo (CJI) tomou conhecimento assassinato do jornalista Jo\u00e3o Chamusse, ocorrido na madrugada de ontem, 14, na sua resid\u00eancia na Catembe. O CJI esteve ontem no local e viu o corpo do malogrado, [&hellip;]<\/p>\n","protected":false},"author":1,"featured_media":2880,"comment_status":"open","ping_status":"open","sticky":false,"template":"","format":"standard","meta":{"footnotes":""},"categories":[275],"tags":[],"rttpg_featured_image_url":{"full":["https:\/\/cjimoz.org.mz\/news\/wp-content\/uploads\/2023\/12\/Untitled.jpg",92,92,false],"landscape":["https:\/\/cjimoz.org.mz\/news\/wp-content\/uploads\/2023\/12\/Untitled.jpg",92,92,false],"portraits":["https:\/\/cjimoz.org.mz\/news\/wp-content\/uploads\/2023\/12\/Untitled.jpg",92,92,false],"thumbnail":["https:\/\/cjimoz.org.mz\/news\/wp-content\/uploads\/2023\/12\/Untitled.jpg",92,92,false],"medium":["https:\/\/cjimoz.org.mz\/news\/wp-content\/uploads\/2023\/12\/Untitled.jpg",92,92,false],"large":["https:\/\/cjimoz.org.mz\/news\/wp-content\/uploads\/2023\/12\/Untitled.jpg",92,92,false],"1536x1536":["https:\/\/cjimoz.org.mz\/news\/wp-content\/uploads\/2023\/12\/Untitled.jpg",92,92,false],"2048x2048":["https:\/\/cjimoz.org.mz\/news\/wp-content\/uploads\/2023\/12\/Untitled.jpg",92,92,false],"trp-custom-language-flag":["https:\/\/cjimoz.org.mz\/news\/wp-content\/uploads\/2023\/12\/Untitled.jpg",12,12,false],"post-thumbnail":["https:\/\/cjimoz.org.mz\/news\/wp-content\/uploads\/2023\/12\/Untitled.jpg",92,92,false],"retina2x":["https:\/\/cjimoz.org.mz\/news\/wp-content\/uploads\/2023\/12\/Untitled.jpg",92,92,false],"retina3x":["https:\/\/cjimoz.org.mz\/news\/wp-content\/uploads\/2023\/12\/Untitled.jpg",92,92,false],"retina4x":["https:\/\/cjimoz.org.mz\/news\/wp-content\/uploads\/2023\/12\/Untitled.jpg",92,92,false],"retina5x":["https:\/\/cjimoz.org.mz\/news\/wp-content\/uploads\/2023\/12\/Untitled.jpg",92,92,false],"retina6x":["https:\/\/cjimoz.org.mz\/news\/wp-content\/uploads\/2023\/12\/Untitled.jpg",92,92,false]},"rttpg_author":{"display_name":"Reda\u00e7\u00e3o CJIMOZ","author_link":"https:\/\/cjimoz.org.mz\/news\/author\/hcuambe\/"},"rttpg_comment":0,"rttpg_category":"<a href=\"https:\/\/cjimoz.org.mz\/news\/category\/sociedade\/\" rel=\"category tag\">Sociedade<\/a>","rttpg_excerpt":"&nbsp; &nbsp; &#8211; Comunicado \u2013 CJI indignado com o assassinato do jornalista Jo\u00e3o Chamusse Foi com profunda indignacao que o Centro de Jornalismo Investigativo (CJI) tomou conhecimento assassinato do jornalista Jo\u00e3o Chamusse, ocorrido na madrugada de ontem, 14, na sua resid\u00eancia na Catembe. O CJI esteve ontem no local e viu o corpo do malogrado,&hellip;","_links":{"self":[{"href":"https:\/\/cjimoz.org.mz\/news\/wp-json\/wp\/v2\/posts\/2879"}],"collection":[{"href":"https:\/\/cjimoz.org.mz\/news\/wp-json\/wp\/v2\/posts"}],"about":[{"href":"https:\/\/cjimoz.org.mz\/news\/wp-json\/wp\/v2\/types\/post"}],"author":[{"embeddable":true,"href":"https:\/\/cjimoz.org.mz\/news\/wp-json\/wp\/v2\/users\/1"}],"replies":[{"embeddable":true,"href":"https:\/\/cjimoz.org.mz\/news\/wp-json\/wp\/v2\/comments?post=2879"}],"version-history":[{"count":1,"href":"https:\/\/cjimoz.org.mz\/news\/wp-json\/wp\/v2\/posts\/2879\/revisions"}],"predecessor-version":[{"id":2881,"href":"https:\/\/cjimoz.org.mz\/news\/wp-json\/wp\/v2\/posts\/2879\/revisions\/2881"}],"wp:featuredmedia":[{"embeddable":true,"href":"https:\/\/cjimoz.org.mz\/news\/wp-json\/wp\/v2\/media\/2880"}],"wp:attachment":[{"href":"https:\/\/cjimoz.org.mz\/news\/wp-json\/wp\/v2\/media?parent=2879"}],"wp:term":[{"taxonomy":"category","embeddable":true,"href":"https:\/\/cjimoz.org.mz\/news\/wp-json\/wp\/v2\/categories?post=2879"},{"taxonomy":"post_tag","embeddable":true,"href":"https:\/\/cjimoz.org.mz\/news\/wp-json\/wp\/v2\/tags?post=2879"}],"curies":[{"name":"wp","href":"https:\/\/api.w.org\/{rel}","templated":true}]}}