{"id":2901,"date":"2024-02-05T06:00:21","date_gmt":"2024-02-05T04:00:21","guid":{"rendered":"https:\/\/cjimoz.org\/news\/?p=2901"},"modified":"2024-01-30T10:54:36","modified_gmt":"2024-01-30T08:54:36","slug":"precisamos-ser-ouvidos-em-londres-paris-moscou-e-pequim","status":"publish","type":"post","link":"https:\/\/cjimoz.org.mz\/news\/precisamos-ser-ouvidos-em-londres-paris-moscou-e-pequim\/","title":{"rendered":"\u201cPrecisamos ser ouvidos em Londres, Paris, Moscou e Pequim\u201d"},"content":{"rendered":"<p><em>\u00a0<\/em><\/p>\n<div id=\"attachment_2894\" style=\"width: 3518px\" class=\"wp-caption alignnone\"><img fetchpriority=\"high\" decoding=\"async\" aria-describedby=\"caption-attachment-2894\" class=\"size-full wp-image-2894\" src=\"https:\/\/cjimoz.org\/news\/wp-content\/uploads\/2024\/01\/NAIRE_ZAM_Final.jpg\" alt=\"\" width=\"3508\" height=\"2480\" \/><p id=\"caption-attachment-2894\" class=\"wp-caption-text\">By Sindiso Nyoni<\/p><\/div>\n<p><strong><em>Por rep\u00f3rter ZAM<\/em><\/strong><\/p>\n<p><em>\u00a0<\/em><\/p>\n<p>A Rede de Rep\u00f3rteres e Editores de Investiga\u00e7\u00e3o Africanos, NAIRE, lan\u00e7ou um apelo para apoiar sua\u00a0 determina\u00e7\u00e3o \u00a0na exposi\u00e7\u00e3o de regimes constitu\u00eddos por \u201ccleptocratas que vendem recursos, promovem a incompet\u00eancia o nepotismo e oprimem a sociedade civil\u201d.<\/p>\n<p>&nbsp;<\/p>\n<p>Notando que estes mesmos regimes assediam, prendem e at\u00e9 matam jornalistas cred\u00edveis, e cada vez mais \u201cpagam rep\u00f3rteres e publica\u00e7\u00f5es para difundir falsas not\u00edcias \u00a0(\u2026) para abafar aqueles que pretendem desvendar a injusti\u00e7a\u201d, os membros da NAIRE acrescentam que \u201cas pot\u00eancias internacionais (deveriam) tomar conhecimento de relat\u00f3rios (que) destacaram (\u2026) o grito pela liberdade que est\u00e1 a ficar bem alto e a\u00a0 aumentar\u00a0 cada vez\u00a0 mais e \u00a0mais dos nossos pa\u00edses\u201d. Como \u201crep\u00f3rteres investigativos, comprometidos com a democracia, a justi\u00e7a social, a transpar\u00eancia e a responsabiliza\u00e7\u00e3o\u201d, afirma o grupo, \u201cprecisamos de ser ouvidos e lidos em Londres, Paris, Nova Iorque e, na verdade, em Moscovo, Teer\u00e3o ou Pequim\u201d.<\/p>\n<p>&nbsp;<\/p>\n<p>No seu \u201cApelo \u00e0 Ac\u00e7\u00e3o\u201d, a NAIRE tamb\u00e9m afirma que as reportagens \u00a0de jornalistas de investiga\u00e7\u00e3o africanos que exp\u00f5em erros como a cleptocracia e a opress\u00e3o n\u00e3o s\u00e3o importantes apenas para o continente africano, mas tamb\u00e9m para o resto do mundo. \u201cComo ir\u00e1 a migra\u00e7\u00e3o para fora de \u00c1frica diminuir, quando os governantes cleptocratas beneficiarem dela atrav\u00e9s de taxas de passaporte cada vez mais elevadas e do envolvimento em ag\u00eancias de tr\u00e1fico humano? Como podem as altera\u00e7\u00f5es clim\u00e1ticas e a defloresta\u00e7\u00e3o ser travadas quando o financiamento internacional destinado a resolver estes problemas desaparece nos bolsos dos indiv\u00edduos? A Europa manifestou preocupa\u00e7\u00e3o com os golpes militares africanos, mas ser\u00e1 que espera realmente que os cidad\u00e3os desesperados continuem a submeter-se ao dom\u00ednio de regimes p\u00f3s-coloniais ladr\u00f5es e incompetentes?\u201d<\/p>\n<p>&nbsp;<\/p>\n<p>Ao mesmo tempo que procuramos o debate \u201cdentro das nossas comunidades, bem como com a comunidade internacional e os poderosos\u201d. A NAIRE apela ainda \u201caos colegas de pa\u00edses onde o jornalismo est\u00e1 mais protegido para trabalharem conosco em igualdade e ajudarem a amplificar o nosso trabalho\u201d e \u00e0s \u201cfor\u00e7as pr\u00f3-democracia, pa\u00edses parceiros poderosos a n\u00edvel internacional, a Uni\u00e3o Europeia e a Uni\u00e3o Africana para apoiarem o jornalismo profissional e for\u00e7as para a democracia, responsabiliza\u00e7\u00e3o e transpar\u00eancia no continente.\u201d<\/p>\n<p>&nbsp;<\/p>\n<p>Observando que as reportagens \u00a0da NAIRES s\u00e3o publicados atrav\u00e9s da Revista ZAM, o grupo compromete-se a continuar a \u201cconstruir e utilizar a plataforma ZAM para transmitir os nossos apelos \u00a0e os nossos esfor\u00e7os transnacionais pan-africanos\u201d e a \u201caumentar a sua fun\u00e7\u00e3o (da ZAM) como um canal \u00a0editorial , seguran\u00e7a, apoio jur\u00eddico e psicol\u00f3gico que tanto carecemos na maioria dos nossos pa\u00edses\u201d. O grupo acrescenta que tamb\u00e9m planeia \u201cenvolver-se com apoiantes internacionais da democracia e da liberdade de imprensa para nos ajudar a criar plataformas de comunica\u00e7\u00e3o social mais profissionais e de bom padr\u00e3o na pr\u00f3pria \u00c1frica\u201d.<\/p>\n<p>&nbsp;<\/p>\n","protected":false},"excerpt":{"rendered":"<p>\u00a0 Por rep\u00f3rter ZAM \u00a0 A Rede de Rep\u00f3rteres e Editores de Investiga\u00e7\u00e3o Africanos, NAIRE, lan\u00e7ou um apelo para apoiar sua\u00a0 determina\u00e7\u00e3o \u00a0na exposi\u00e7\u00e3o de regimes constitu\u00eddos por \u201ccleptocratas que vendem recursos, promovem a incompet\u00eancia o nepotismo e oprimem a sociedade civil\u201d. &nbsp; Notando que estes mesmos regimes assediam, prendem e at\u00e9 matam jornalistas cred\u00edveis, [&hellip;]<\/p>\n","protected":false},"author":1,"featured_media":0,"comment_status":"open","ping_status":"open","sticky":false,"template":"","format":"standard","meta":{"footnotes":""},"categories":[275],"tags":[],"rttpg_featured_image_url":null,"rttpg_author":{"display_name":"Reda\u00e7\u00e3o CJIMOZ","author_link":"https:\/\/cjimoz.org.mz\/news\/author\/hcuambe\/"},"rttpg_comment":0,"rttpg_category":"<a href=\"https:\/\/cjimoz.org.mz\/news\/category\/sociedade\/\" rel=\"category tag\">Sociedade<\/a>","rttpg_excerpt":"\u00a0 Por rep\u00f3rter ZAM \u00a0 A Rede de Rep\u00f3rteres e Editores de Investiga\u00e7\u00e3o Africanos, NAIRE, lan\u00e7ou um apelo para apoiar sua\u00a0 determina\u00e7\u00e3o \u00a0na exposi\u00e7\u00e3o de regimes constitu\u00eddos por \u201ccleptocratas que vendem recursos, promovem a incompet\u00eancia o nepotismo e oprimem a sociedade civil\u201d. &nbsp; Notando que estes mesmos regimes assediam, prendem e at\u00e9 matam jornalistas cred\u00edveis,&hellip;","_links":{"self":[{"href":"https:\/\/cjimoz.org.mz\/news\/wp-json\/wp\/v2\/posts\/2901"}],"collection":[{"href":"https:\/\/cjimoz.org.mz\/news\/wp-json\/wp\/v2\/posts"}],"about":[{"href":"https:\/\/cjimoz.org.mz\/news\/wp-json\/wp\/v2\/types\/post"}],"author":[{"embeddable":true,"href":"https:\/\/cjimoz.org.mz\/news\/wp-json\/wp\/v2\/users\/1"}],"replies":[{"embeddable":true,"href":"https:\/\/cjimoz.org.mz\/news\/wp-json\/wp\/v2\/comments?post=2901"}],"version-history":[{"count":1,"href":"https:\/\/cjimoz.org.mz\/news\/wp-json\/wp\/v2\/posts\/2901\/revisions"}],"predecessor-version":[{"id":2902,"href":"https:\/\/cjimoz.org.mz\/news\/wp-json\/wp\/v2\/posts\/2901\/revisions\/2902"}],"wp:attachment":[{"href":"https:\/\/cjimoz.org.mz\/news\/wp-json\/wp\/v2\/media?parent=2901"}],"wp:term":[{"taxonomy":"category","embeddable":true,"href":"https:\/\/cjimoz.org.mz\/news\/wp-json\/wp\/v2\/categories?post=2901"},{"taxonomy":"post_tag","embeddable":true,"href":"https:\/\/cjimoz.org.mz\/news\/wp-json\/wp\/v2\/tags?post=2901"}],"curies":[{"name":"wp","href":"https:\/\/api.w.org\/{rel}","templated":true}]}}